{"id":8450,"date":"2023-12-19T17:27:28","date_gmt":"2023-12-19T16:27:28","guid":{"rendered":"http:\/\/dominicaineslangeac.fr\/?p=8450"},"modified":"2024-03-19T22:51:10","modified_gmt":"2024-03-19T21:51:10","slug":"noel-2023","status":"publish","type":"post","link":"https:\/\/dominicaineslangeac.fr\/index.php\/2023\/12\/19\/noel-2023\/","title":{"rendered":"No\u00ebl 2023"},"content":{"rendered":"\n<p class=\"has-text-align-right has-medium-font-size\"><\/p>\n\n\n\n<p class=\"has-text-align-right has-medium-font-size\"><br><\/p>\n\n\n\n<div class=\"wp-block-group\"><div class=\"wp-block-group__inner-container is-layout-constrained wp-block-group-is-layout-constrained\">\n<div class=\"wp-block-media-text is-stacked-on-mobile\" style=\"grid-template-columns:58% auto\"><figure class=\"wp-block-media-text__media\"><img data-recalc-dims=\"1\" loading=\"lazy\" decoding=\"async\" width=\"448\" height=\"336\" data-attachment-id=\"8449\" data-permalink=\"https:\/\/dominicaineslangeac.fr\/vierge\/\" data-orig-file=\"https:\/\/i0.wp.com\/dominicaineslangeac.fr\/wp-content\/uploads\/2023\/12\/vierge.jpeg?fit=448%2C336&amp;ssl=1\" data-orig-size=\"448,336\" data-comments-opened=\"0\" data-image-meta=\"{&quot;aperture&quot;:&quot;0&quot;,&quot;credit&quot;:&quot;&quot;,&quot;camera&quot;:&quot;&quot;,&quot;caption&quot;:&quot;&quot;,&quot;created_timestamp&quot;:&quot;0&quot;,&quot;copyright&quot;:&quot;&quot;,&quot;focal_length&quot;:&quot;0&quot;,&quot;iso&quot;:&quot;0&quot;,&quot;shutter_speed&quot;:&quot;0&quot;,&quot;title&quot;:&quot;&quot;,&quot;orientation&quot;:&quot;0&quot;}\" data-image-title=\"vierge\" data-image-description=\"\" data-image-caption=\"\" data-large-file=\"https:\/\/i0.wp.com\/dominicaineslangeac.fr\/wp-content\/uploads\/2023\/12\/vierge.jpeg?fit=448%2C336&amp;ssl=1\" src=\"https:\/\/i0.wp.com\/dominicaineslangeac.fr\/wp-content\/uploads\/2023\/12\/vierge.jpeg?resize=448%2C336\" alt=\"\" class=\"wp-image-8449 size-full\" srcset=\"https:\/\/i0.wp.com\/dominicaineslangeac.fr\/wp-content\/uploads\/2023\/12\/vierge.jpeg?w=448&amp;ssl=1 448w, https:\/\/i0.wp.com\/dominicaineslangeac.fr\/wp-content\/uploads\/2023\/12\/vierge.jpeg?resize=300%2C225&amp;ssl=1 300w\" sizes=\"auto, (max-width: 448px) 100vw, 448px\" \/><\/figure><div class=\"wp-block-media-text__content\">\n<div class=\"wp-block-group\"><div class=\"wp-block-group__inner-container is-layout-constrained wp-block-group-is-layout-constrained\">\n<div class=\"wp-block-group\"><div class=\"wp-block-group__inner-container is-layout-constrained wp-block-group-is-layout-constrained\">\n<p class=\"has-text-align-right has-white-color has-cyan-bluish-gray-background-color has-text-color has-background has-link-color has-medium-font-size wp-elements-9b9896453b75bced5aa33d1324682421\">23 h Matines solennelles de la Nativit\u00e9              MESSE DE MINUIT<\/p>\n\n\n\n<p class=\"has-text-align-right has-white-color has-cyan-bluish-gray-background-color has-text-color has-background has-link-color has-medium-font-size wp-elements-d0073df4245c8df86590be5a3c90b86d\"><strong>8h15 Messe de l\u2019Aurore<\/strong><\/p>\n\n\n\n<p class=\"has-text-align-right has-white-color has-cyan-bluish-gray-background-color has-text-color has-background has-link-color has-medium-font-size wp-elements-25f876f3d3402f6575ff0fe96f91b866\"><br><strong>10h15 Messe du jour<\/strong><\/p>\n\n\n\n<p class=\"has-text-align-right has-white-color has-cyan-bluish-gray-background-color has-text-color has-background has-link-color has-medium-font-size wp-elements-f6881c60ed23460bdb700136f6482f53\">Pr\u00e9dicateur Fr\u00e8re Didier Pentec\u00f4te, dominicain, du couvent de Clermont-Ferrand<\/p>\n<\/div><\/div>\n<\/div><\/div>\n<\/div><\/div>\n<\/div><\/div>\n\n\n\n<p class=\"has-text-align-right has-medium-font-size\"><br><\/p>\n","protected":false},"excerpt":{"rendered":"<p>C\u00e9l\u00e9brations de No\u00ebl avec fr\u00e8re Didier Pentec\u00f6te, op. Messe de minuit<\/p>\n","protected":false},"author":2,"featured_media":8449,"comment_status":"closed","ping_status":"closed","sticky":false,"template":"","format":"standard","meta":{"advanced_seo_description":"","jetpack_seo_html_title":"","jetpack_seo_noindex":false,"jetpack_post_was_ever_published":false,"_jetpack_newsletter_access":"","_jetpack_dont_email_post_to_subs":false,"_jetpack_newsletter_tier_id":0,"_jetpack_memberships_contains_paywalled_content":false,"_jetpack_memberships_contains_paid_content":false,"footnotes":"","jetpack_publicize_message":"","jetpack_publicize_feature_enabled":true,"jetpack_social_post_already_shared":true,"jetpack_social_options":{"image_generator_settings":{"template":"highway","default_image_id":0,"font":"","enabled":false},"version":2}},"categories":[27],"tags":[61,60],"class_list":{"0":"post-8450","1":"post","2":"type-post","3":"status-publish","4":"format-standard","5":"has-post-thumbnail","7":"category-archives","8":"tag-messe-de-minuit","9":"tag-noel","10":"czr-hentry"},"jetpack_publicize_connections":[],"jetpack_featured_media_url":"https:\/\/i0.wp.com\/dominicaineslangeac.fr\/wp-content\/uploads\/2023\/12\/vierge.jpeg?fit=448%2C336&ssl=1","jetpack_sharing_enabled":true,"jetpack_shortlink":"https:\/\/wp.me\/p7P1cC-2ci","jetpack-related-posts":[{"id":4963,"url":"https:\/\/dominicaineslangeac.fr\/index.php\/2021\/12\/17\/noel\/","url_meta":{"origin":8450,"position":0},"title":"NOEL","author":"MONASTERE","date":"17 d\u00e9cembre 2021","format":false,"excerpt":"23 h Matines solennelles de la Nativit\u00e9 Messe de minuit 8h15 Messe de l'Aurore 10h15 Messe du jour Pr\u00e9dicateur P. Joseph -Thomas PINI dominicain du Couvent de Montpellier","rel":"","context":"Dans &quot;Non class\u00e9&quot;","block_context":{"text":"Non class\u00e9","link":"https:\/\/dominicaineslangeac.fr\/index.php\/category\/non-classe\/"},"img":{"alt_text":"","src":"https:\/\/i0.wp.com\/dominicaineslangeac.fr\/wp-content\/uploads\/2021\/12\/enluminure.jpg?fit=459%2C816&ssl=1&resize=350%2C200","width":350,"height":200},"classes":[]},{"id":1066,"url":"https:\/\/dominicaineslangeac.fr\/index.php\/2017\/12\/14\/messes-noel-2017\/","url_meta":{"origin":8450,"position":1},"title":"Messes No\u00ebl 2018","author":"Monast\u00e8re Ste Catherine","date":"14 d\u00e9cembre 2017","format":false,"excerpt":"Au Monast\u00e8re Sainte Catherine de Sienne \u00e0 Langeac,\u00a0 pr\u00e9dicateur Paul - Adrien d'Hardemare dominicain \u00a0 \u00a0Veille de No\u00ebl Lundi 24 d\u00e9cembre 2018 23h\u00a0: Matines solennelles de la Nativit\u00e9 La Nativit\u00e9 du Seigneur Mardi 25 d\u00e9cembre 24h\u00a0: Messe de Minuit 8h15\u00a0: Messe de l\u2019Aurore 10h15\u00a0: Messe du Jour \u00a0 \u00a0 Dimanche\u2026","rel":"","context":"Dans &quot;Non class\u00e9&quot;","block_context":{"text":"Non class\u00e9","link":"https:\/\/dominicaineslangeac.fr\/index.php\/category\/non-classe\/"},"img":{"alt_text":"","src":"https:\/\/i0.wp.com\/dominicaineslangeac.fr\/wp-content\/uploads\/2017\/12\/P1030363.jpg?fit=1200%2C900&ssl=1&resize=350%2C200","width":350,"height":200,"srcset":"https:\/\/i0.wp.com\/dominicaineslangeac.fr\/wp-content\/uploads\/2017\/12\/P1030363.jpg?fit=1200%2C900&ssl=1&resize=350%2C200 1x, https:\/\/i0.wp.com\/dominicaineslangeac.fr\/wp-content\/uploads\/2017\/12\/P1030363.jpg?fit=1200%2C900&ssl=1&resize=525%2C300 1.5x, https:\/\/i0.wp.com\/dominicaineslangeac.fr\/wp-content\/uploads\/2017\/12\/P1030363.jpg?fit=1200%2C900&ssl=1&resize=700%2C400 2x, https:\/\/i0.wp.com\/dominicaineslangeac.fr\/wp-content\/uploads\/2017\/12\/P1030363.jpg?fit=1200%2C900&ssl=1&resize=1050%2C600 3x"},"classes":[]},{"id":9158,"url":"https:\/\/dominicaineslangeac.fr\/index.php\/2024\/03\/19\/triduum-pascal-2024\/","url_meta":{"origin":8450,"position":2},"title":"Triduum Pascal 2024","author":"MONASTERE","date":"19 mars 2024","format":false,"excerpt":"Horaires du Triduum Pascal avec fr\u00e8re R\u00e9my Vall\u00e9jo, op.","rel":"","context":"Dans &quot;archives&quot;","block_context":{"text":"archives","link":"https:\/\/dominicaineslangeac.fr\/index.php\/category\/archives\/"},"img":{"alt_text":"","src":"https:\/\/i0.wp.com\/dominicaineslangeac.fr\/wp-content\/uploads\/2024\/03\/642d31bed95fb17e682d0cf9_lavement-des-pieds-jesus-evangile-1.jpeg?fit=692%2C1200&ssl=1&resize=350%2C200","width":350,"height":200,"srcset":"https:\/\/i0.wp.com\/dominicaineslangeac.fr\/wp-content\/uploads\/2024\/03\/642d31bed95fb17e682d0cf9_lavement-des-pieds-jesus-evangile-1.jpeg?fit=692%2C1200&ssl=1&resize=350%2C200 1x, https:\/\/i0.wp.com\/dominicaineslangeac.fr\/wp-content\/uploads\/2024\/03\/642d31bed95fb17e682d0cf9_lavement-des-pieds-jesus-evangile-1.jpeg?fit=692%2C1200&ssl=1&resize=525%2C300 1.5x"},"classes":[]},{"id":12230,"url":"https:\/\/dominicaineslangeac.fr\/index.php\/2025\/04\/18\/triduum-pascal-2025-au-monastere\/","url_meta":{"origin":8450,"position":3},"title":"Triduum Pascal 2025 au monast\u00e8re","author":"MONASTERE","date":"18 avril 2025","format":false,"excerpt":"JEUDI SAINT 7h00\u00a0\u00a0\u00a0 Office des Lectures 8h30\u00a0\u00a0\u00a0 Laudes 12h00\u00a0\u00a0 Heure M\u00e9diane 18h00\u00a0\u00a0 Messe de la C\u00e8ne du Seigneur 21h00 Lecture du Sermon du Seigneur Adoration jusqu\u2019\u00e0 minuit VENDREDI SAINT \u00a0 7h30\u00a0\u00a0\u00a0 Office des Lectures 9h00\u00a0\u00a0\u00a0 Laudes 12h00\u00a0\u00a0 Heure m\u00e9diane 14h50\u00a0\u00a0 Adoration silencieuse 15h00\u00a0\u00a0 Action liturgique de la Passion et de\u2026","rel":"","context":"Dans &quot;archives&quot;","block_context":{"text":"archives","link":"https:\/\/dominicaineslangeac.fr\/index.php\/category\/archives\/"},"img":{"alt_text":"","src":"https:\/\/i0.wp.com\/dominicaineslangeac.fr\/wp-content\/uploads\/2024\/03\/642d31bed95fb17e682d0cf9_lavement-des-pieds-jesus-evangile-1.jpeg?fit=692%2C1200&ssl=1&resize=350%2C200","width":350,"height":200,"srcset":"https:\/\/i0.wp.com\/dominicaineslangeac.fr\/wp-content\/uploads\/2024\/03\/642d31bed95fb17e682d0cf9_lavement-des-pieds-jesus-evangile-1.jpeg?fit=692%2C1200&ssl=1&resize=350%2C200 1x, https:\/\/i0.wp.com\/dominicaineslangeac.fr\/wp-content\/uploads\/2024\/03\/642d31bed95fb17e682d0cf9_lavement-des-pieds-jesus-evangile-1.jpeg?fit=692%2C1200&ssl=1&resize=525%2C300 1.5x"},"classes":[]},{"id":20525,"url":"https:\/\/dominicaineslangeac.fr\/index.php\/2026\/04\/02\/triduum-pascal-2026\/","url_meta":{"origin":8450,"position":4},"title":"Triduum Pascal 2026","author":"MONASTERE","date":"2 avril 2026","format":false,"excerpt":"JEUDI SAINT 7h00\u00a0\u00a0\u00a0 Office des Lectures 8h30\u00a0\u00a0\u00a0 Laudes 12h00\u00a0\u00a0 Heure M\u00e9diane 18h00\u00a0\u00a0 Messe de la C\u00e8ne du Seigneur 21h00 Lecture du Sermon du Seigneur Adoration jusqu\u2019\u00e0 minuit VENDREDI SAINT \u00a0 7h30\u00a0\u00a0\u00a0 Office des Lectures 9h00\u00a0\u00a0\u00a0 Laudes 12h00\u00a0\u00a0 Heure m\u00e9diane 14h50\u00a0\u00a0 Adoration silencieuse 15h00\u00a0\u00a0 Action liturgique de la Passion et de\u2026","rel":"","context":"Dans &quot;Actualit\u00e9s&quot;","block_context":{"text":"Actualit\u00e9s","link":"https:\/\/dominicaineslangeac.fr\/index.php\/category\/actualites\/"},"img":{"alt_text":"","src":"https:\/\/i0.wp.com\/dominicaineslangeac.fr\/wp-content\/uploads\/2020\/04\/p11.jpg?resize=350%2C200&ssl=1","width":350,"height":200},"classes":[]},{"id":984,"url":"https:\/\/dominicaineslangeac.fr\/index.php\/2017\/07\/28\/fete-de-saint-dominique-2017\/","url_meta":{"origin":8450,"position":5},"title":"F\u00eate de Saint Dominique 2017","author":"Monast\u00e8re Ste Catherine","date":"28 juillet 2017","format":false,"excerpt":"Premi\u00e8res V\u00eapres Lundi 7 ao\u00fbt \u00e0 17h40 pr\u00each\u00e9es par le fr\u00e8re dominicain Lo\u00efc BOURNAY Messe solennelle Mardi 8 ao\u00fbt 2017 \u00e0 11h pr\u00e9sid\u00e9e par le fr\u00e8re dominicain Didier PENTECOTE La messe sera suivie d'un verre d'amiti\u00e9","rel":"","context":"Dans &quot;Non class\u00e9&quot;","block_context":{"text":"Non class\u00e9","link":"https:\/\/dominicaineslangeac.fr\/index.php\/category\/non-classe\/"},"img":{"alt_text":"","src":"https:\/\/i0.wp.com\/dominicaineslangeac.fr\/wp-content\/uploads\/2017\/07\/image001.jpg?fit=692%2C827&ssl=1&resize=350%2C200","width":350,"height":200,"srcset":"https:\/\/i0.wp.com\/dominicaineslangeac.fr\/wp-content\/uploads\/2017\/07\/image001.jpg?fit=692%2C827&ssl=1&resize=350%2C200 1x, https:\/\/i0.wp.com\/dominicaineslangeac.fr\/wp-content\/uploads\/2017\/07\/image001.jpg?fit=692%2C827&ssl=1&resize=525%2C300 1.5x"},"classes":[]}],"_links":{"self":[{"href":"https:\/\/dominicaineslangeac.fr\/index.php\/wp-json\/wp\/v2\/posts\/8450","targetHints":{"allow":["GET"]}}],"collection":[{"href":"https:\/\/dominicaineslangeac.fr\/index.php\/wp-json\/wp\/v2\/posts"}],"about":[{"href":"https:\/\/dominicaineslangeac.fr\/index.php\/wp-json\/wp\/v2\/types\/post"}],"author":[{"embeddable":true,"href":"https:\/\/dominicaineslangeac.fr\/index.php\/wp-json\/wp\/v2\/users\/2"}],"replies":[{"embeddable":true,"href":"https:\/\/dominicaineslangeac.fr\/index.php\/wp-json\/wp\/v2\/comments?post=8450"}],"version-history":[{"count":2,"href":"https:\/\/dominicaineslangeac.fr\/index.php\/wp-json\/wp\/v2\/posts\/8450\/revisions"}],"predecessor-version":[{"id":8453,"href":"https:\/\/dominicaineslangeac.fr\/index.php\/wp-json\/wp\/v2\/posts\/8450\/revisions\/8453"}],"wp:featuredmedia":[{"embeddable":true,"href":"https:\/\/dominicaineslangeac.fr\/index.php\/wp-json\/wp\/v2\/media\/8449"}],"wp:attachment":[{"href":"https:\/\/dominicaineslangeac.fr\/index.php\/wp-json\/wp\/v2\/media?parent=8450"}],"wp:term":[{"taxonomy":"category","embeddable":true,"href":"https:\/\/dominicaineslangeac.fr\/index.php\/wp-json\/wp\/v2\/categories?post=8450"},{"taxonomy":"post_tag","embeddable":true,"href":"https:\/\/dominicaineslangeac.fr\/index.php\/wp-json\/wp\/v2\/tags?post=8450"}],"curies":[{"name":"wp","href":"https:\/\/api.w.org\/{rel}","templated":true}]}}