{"id":8332,"date":"2023-11-30T10:16:58","date_gmt":"2023-11-30T09:16:58","guid":{"rendered":"http:\/\/dominicaineslangeac.fr\/?p=8332"},"modified":"2024-12-23T00:41:56","modified_gmt":"2024-12-22T23:41:56","slug":"8332","status":"publish","type":"post","link":"https:\/\/dominicaineslangeac.fr\/index.php\/2023\/11\/30\/8332\/","title":{"rendered":""},"content":{"rendered":"\n<figure class=\"wp-block-image size-large\"><img data-recalc-dims=\"1\" decoding=\"async\" src=\"https:\/\/i0.wp.com\/dominicaineslangeac.fr\/wp-content\/uploads\/2023\/11\/journee-dAvent-2023.jpg?w=1170\" alt=\"\"\/><\/figure>\n\n\n\n<p class=\"has-medium-font-size\">R\u00e9ponse souhait\u00e9e avant le 9 d\u00e9cembre 2023 \u00e0 l&rsquo;adresse suivante <em><a href=\"mailto:accueil.langeac@gmail.com\">accueil.langeac@gmail.com<\/a><\/em><\/p>\n","protected":false},"excerpt":{"rendered":"<p>Retraite d&rsquo;Avent avec la communaut\u00e9<\/p>\n","protected":false},"author":2,"featured_media":8334,"comment_status":"closed","ping_status":"closed","sticky":false,"template":"","format":"standard","meta":{"advanced_seo_description":"","jetpack_seo_html_title":"","jetpack_seo_noindex":false,"jetpack_post_was_ever_published":false,"_jetpack_newsletter_access":"","_jetpack_dont_email_post_to_subs":false,"_jetpack_newsletter_tier_id":0,"_jetpack_memberships_contains_paywalled_content":false,"_jetpack_memberships_contains_paid_content":false,"footnotes":"","jetpack_publicize_message":"","jetpack_publicize_feature_enabled":true,"jetpack_social_post_already_shared":true,"jetpack_social_options":{"image_generator_settings":{"template":"highway","default_image_id":0,"font":"","enabled":false},"version":2}},"categories":[67],"tags":[55,58,57],"class_list":{"0":"post-8332","1":"post","2":"type-post","3":"status-publish","4":"format-standard","5":"has-post-thumbnail","7":"category-jubile-2023","8":"tag-avent-2023","9":"tag-foi-et-confiance","10":"tag-retraite","11":"czr-hentry"},"jetpack_publicize_connections":[],"jetpack_featured_media_url":"https:\/\/i0.wp.com\/dominicaineslangeac.fr\/wp-content\/uploads\/2023\/11\/journee-dAvent-2023.jpg?fit=1622%2C905&ssl=1","jetpack_sharing_enabled":true,"jetpack_shortlink":"https:\/\/wp.me\/s7P1cC-8332","jetpack-related-posts":[{"id":19903,"url":"https:\/\/dominicaineslangeac.fr\/index.php\/2025\/11\/25\/journee-de-retraite-avec-la-communaute\/","url_meta":{"origin":8332,"position":0},"title":"Journ\u00e9e de retraite avec la communaut\u00e9","author":"MONASTERE","date":"25 novembre 2025","format":false,"excerpt":"Retraite avec la communaut\u00e9 13 d\u00e9cembre 2025 La liturgie de No\u00ebl","rel":"","context":"Dans &quot;Actualit\u00e9s&quot;","block_context":{"text":"Actualit\u00e9s","link":"https:\/\/dominicaineslangeac.fr\/index.php\/category\/actualites\/"},"img":{"alt_text":"retraite avec la communaut\u00e9 le 13 d\u00e9cembre 2025","src":"https:\/\/i0.wp.com\/dominicaineslangeac.fr\/wp-content\/uploads\/2025\/11\/Recollection-13-decembre-2025.png?fit=1200%2C851&ssl=1&resize=350%2C200","width":350,"height":200,"srcset":"https:\/\/i0.wp.com\/dominicaineslangeac.fr\/wp-content\/uploads\/2025\/11\/Recollection-13-decembre-2025.png?fit=1200%2C851&ssl=1&resize=350%2C200 1x, https:\/\/i0.wp.com\/dominicaineslangeac.fr\/wp-content\/uploads\/2025\/11\/Recollection-13-decembre-2025.png?fit=1200%2C851&ssl=1&resize=525%2C300 1.5x, https:\/\/i0.wp.com\/dominicaineslangeac.fr\/wp-content\/uploads\/2025\/11\/Recollection-13-decembre-2025.png?fit=1200%2C851&ssl=1&resize=700%2C400 2x, https:\/\/i0.wp.com\/dominicaineslangeac.fr\/wp-content\/uploads\/2025\/11\/Recollection-13-decembre-2025.png?fit=1200%2C851&ssl=1&resize=1050%2C600 3x"},"classes":[]},{"id":11506,"url":"https:\/\/dominicaineslangeac.fr\/index.php\/2025\/01\/13\/journee-de-retraite\/","url_meta":{"origin":8332,"position":1},"title":"Journ\u00e9e de retraite avec la communaut\u00e9","author":"MONASTERE","date":"13 janvier 2025","format":false,"excerpt":"journ\u00e9e de retraite avec la communaut\u00e9 jubil\u00e9","rel":"","context":"Dans &quot;Actualit\u00e9s&quot;","block_context":{"text":"Actualit\u00e9s","link":"https:\/\/dominicaineslangeac.fr\/index.php\/category\/actualites\/"},"img":{"alt_text":"","src":"https:\/\/i0.wp.com\/dominicaineslangeac.fr\/wp-content\/uploads\/2025\/01\/Capture-decran-2025-01-13-220030.png?resize=350%2C200&ssl=1","width":350,"height":200,"srcset":"https:\/\/i0.wp.com\/dominicaineslangeac.fr\/wp-content\/uploads\/2025\/01\/Capture-decran-2025-01-13-220030.png?resize=350%2C200&ssl=1 1x, https:\/\/i0.wp.com\/dominicaineslangeac.fr\/wp-content\/uploads\/2025\/01\/Capture-decran-2025-01-13-220030.png?resize=525%2C300&ssl=1 1.5x"},"classes":[]},{"id":11936,"url":"https:\/\/dominicaineslangeac.fr\/index.php\/2025\/03\/15\/retraite-de-careme-avec-la-communaute\/","url_meta":{"origin":8332,"position":2},"title":"Retraite de Car\u00eame avec la communaut\u00e9 samedi 22 mars","author":"MONASTERE","date":"15 mars 2025","format":false,"excerpt":"retraite de Car\u00eame avec la communaut\u00e9. Au d\u00e9sert avec Os\u00e9e","rel":"","context":"Dans &quot;archives&quot;","block_context":{"text":"archives","link":"https:\/\/dominicaineslangeac.fr\/index.php\/category\/archives\/"},"img":{"alt_text":"","src":"https:\/\/i0.wp.com\/dominicaineslangeac.fr\/wp-content\/uploads\/2025\/03\/Capture-decran-2025-03-15-221901.png?fit=650%2C915&ssl=1&resize=350%2C200","width":350,"height":200,"srcset":"https:\/\/i0.wp.com\/dominicaineslangeac.fr\/wp-content\/uploads\/2025\/03\/Capture-decran-2025-03-15-221901.png?fit=650%2C915&ssl=1&resize=350%2C200 1x, https:\/\/i0.wp.com\/dominicaineslangeac.fr\/wp-content\/uploads\/2025\/03\/Capture-decran-2025-03-15-221901.png?fit=650%2C915&ssl=1&resize=525%2C300 1.5x"},"classes":[]},{"id":12304,"url":"https:\/\/dominicaineslangeac.fr\/index.php\/2025\/05\/01\/retraite-pascale-samedi-3-mai-1700-ans-du-credo-de-nicee\/","url_meta":{"origin":8332,"position":3},"title":"Retraite Pascale samedi 3 mai &#8211; 1700 ans du Credo de Nic\u00e9e","author":"MONASTERE","date":"1 mai 2025","format":false,"excerpt":"retraite pascale avec la communaut\u00e9 Le Credo","rel":"","context":"Dans &quot;archives&quot;","block_context":{"text":"archives","link":"https:\/\/dominicaineslangeac.fr\/index.php\/category\/archives\/"},"img":{"alt_text":"","src":"https:\/\/i0.wp.com\/dominicaineslangeac.fr\/wp-content\/uploads\/2025\/05\/Retraite-pascale-3-mai-2025Credo.png?fit=648%2C913&ssl=1&resize=350%2C200","width":350,"height":200,"srcset":"https:\/\/i0.wp.com\/dominicaineslangeac.fr\/wp-content\/uploads\/2025\/05\/Retraite-pascale-3-mai-2025Credo.png?fit=648%2C913&ssl=1&resize=350%2C200 1x, https:\/\/i0.wp.com\/dominicaineslangeac.fr\/wp-content\/uploads\/2025\/05\/Retraite-pascale-3-mai-2025Credo.png?fit=648%2C913&ssl=1&resize=525%2C300 1.5x"},"classes":[]},{"id":20658,"url":"https:\/\/dominicaineslangeac.fr\/index.php\/2026\/04\/22\/retraite-avec-la-communaute-samedi-2-mai-2026\/","url_meta":{"origin":8332,"position":4},"title":"Retraite Sacr\u00e9 Coeur: samedi 2 mai 2026","author":"MONASTERE","date":"22 avril 2026","format":false,"excerpt":"Retraite au monast\u00e8re Samedi 2 mai 2026 Le Sacr\u00e9 Coeur Avec Mgr Yves Baumgarten","rel":"","context":"Dans &quot;Actualit\u00e9s&quot;","block_context":{"text":"Actualit\u00e9s","link":"https:\/\/dominicaineslangeac.fr\/index.php\/category\/actualites\/"},"img":{"alt_text":"","src":"https:\/\/i0.wp.com\/dominicaineslangeac.fr\/wp-content\/uploads\/2026\/04\/affiche-retraite-avril-2026.png?fit=848%2C1200&ssl=1&resize=350%2C200","width":350,"height":200,"srcset":"https:\/\/i0.wp.com\/dominicaineslangeac.fr\/wp-content\/uploads\/2026\/04\/affiche-retraite-avril-2026.png?fit=848%2C1200&ssl=1&resize=350%2C200 1x, https:\/\/i0.wp.com\/dominicaineslangeac.fr\/wp-content\/uploads\/2026\/04\/affiche-retraite-avril-2026.png?fit=848%2C1200&ssl=1&resize=525%2C300 1.5x, https:\/\/i0.wp.com\/dominicaineslangeac.fr\/wp-content\/uploads\/2026\/04\/affiche-retraite-avril-2026.png?fit=848%2C1200&ssl=1&resize=700%2C400 2x"},"classes":[]},{"id":1541,"url":"https:\/\/dominicaineslangeac.fr\/index.php\/2019\/11\/17\/journee-davent\/","url_meta":{"origin":8332,"position":5},"title":"Journ\u00e9e d&rsquo;Avent","author":"MONASTERE","date":"17 novembre 2019","format":false,"excerpt":"14 d\u00e9cembre 2019","rel":"","context":"Dans &quot;Non class\u00e9&quot;","block_context":{"text":"Non class\u00e9","link":"https:\/\/dominicaineslangeac.fr\/index.php\/category\/non-classe\/"},"img":{"alt_text":"","src":"https:\/\/i0.wp.com\/dominicaineslangeac.fr\/wp-content\/uploads\/2019\/11\/tabernacle-scaled.jpg?fit=674%2C1200&ssl=1&resize=350%2C200","width":350,"height":200,"srcset":"https:\/\/i0.wp.com\/dominicaineslangeac.fr\/wp-content\/uploads\/2019\/11\/tabernacle-scaled.jpg?fit=674%2C1200&ssl=1&resize=350%2C200 1x, https:\/\/i0.wp.com\/dominicaineslangeac.fr\/wp-content\/uploads\/2019\/11\/tabernacle-scaled.jpg?fit=674%2C1200&ssl=1&resize=525%2C300 1.5x"},"classes":[]}],"_links":{"self":[{"href":"https:\/\/dominicaineslangeac.fr\/index.php\/wp-json\/wp\/v2\/posts\/8332","targetHints":{"allow":["GET"]}}],"collection":[{"href":"https:\/\/dominicaineslangeac.fr\/index.php\/wp-json\/wp\/v2\/posts"}],"about":[{"href":"https:\/\/dominicaineslangeac.fr\/index.php\/wp-json\/wp\/v2\/types\/post"}],"author":[{"embeddable":true,"href":"https:\/\/dominicaineslangeac.fr\/index.php\/wp-json\/wp\/v2\/users\/2"}],"replies":[{"embeddable":true,"href":"https:\/\/dominicaineslangeac.fr\/index.php\/wp-json\/wp\/v2\/comments?post=8332"}],"version-history":[{"count":3,"href":"https:\/\/dominicaineslangeac.fr\/index.php\/wp-json\/wp\/v2\/posts\/8332\/revisions"}],"predecessor-version":[{"id":8339,"href":"https:\/\/dominicaineslangeac.fr\/index.php\/wp-json\/wp\/v2\/posts\/8332\/revisions\/8339"}],"wp:featuredmedia":[{"embeddable":true,"href":"https:\/\/dominicaineslangeac.fr\/index.php\/wp-json\/wp\/v2\/media\/8334"}],"wp:attachment":[{"href":"https:\/\/dominicaineslangeac.fr\/index.php\/wp-json\/wp\/v2\/media?parent=8332"}],"wp:term":[{"taxonomy":"category","embeddable":true,"href":"https:\/\/dominicaineslangeac.fr\/index.php\/wp-json\/wp\/v2\/categories?post=8332"},{"taxonomy":"post_tag","embeddable":true,"href":"https:\/\/dominicaineslangeac.fr\/index.php\/wp-json\/wp\/v2\/tags?post=8332"}],"curies":[{"name":"wp","href":"https:\/\/api.w.org\/{rel}","templated":true}]}}