{"id":8267,"date":"2023-11-21T22:33:46","date_gmt":"2023-11-21T21:33:46","guid":{"rendered":"http:\/\/dominicaineslangeac.fr\/?p=8267"},"modified":"2023-11-21T22:33:47","modified_gmt":"2023-11-21T21:33:47","slug":"messe-televisee-sur-france-2-le-22-octobre2023","status":"publish","type":"post","link":"https:\/\/dominicaineslangeac.fr\/index.php\/2023\/11\/21\/messe-televisee-sur-france-2-le-22-octobre2023\/","title":{"rendered":"Messe t\u00e9l\u00e9vis\u00e9e sur France 2 le 22 octobre2023"},"content":{"rendered":"\n<p>Voici le lien pour voir la messe t\u00e9l\u00e9vis\u00e9e au monast\u00e8re Sainte Catherine de Sienne \u00e0 Langeac en replay<\/p>\n\n\n\n<p><a href=\"https:\/\/www.lejourduseigneur.com\/messes\/le-pape-remet-les-pendules-a-lheure-ecologique\">https:\/\/www.lejourduseigneur.com\/messes\/le-pape-remet-les-pendules-a-lheure-ecologique<\/a><\/p>\n","protected":false},"excerpt":{"rendered":"<p>Voici le lien pour voir la messe t\u00e9l\u00e9vis\u00e9e au monast\u00e8re Sainte Catherine de Sienne \u00e0 Langeac en replay https:\/\/www.lejourduseigneur.com\/messes\/le-pape-remet-les-pendules-a-lheure-ecologique<\/p>\n","protected":false},"author":2,"featured_media":8269,"comment_status":"closed","ping_status":"closed","sticky":false,"template":"","format":"standard","meta":{"advanced_seo_description":"","jetpack_seo_html_title":"","jetpack_seo_noindex":false,"jetpack_post_was_ever_published":false,"_jetpack_newsletter_access":"","_jetpack_dont_email_post_to_subs":false,"_jetpack_newsletter_tier_id":0,"_jetpack_memberships_contains_paywalled_content":false,"_jetpack_memberships_contains_paid_content":false,"footnotes":"","jetpack_publicize_message":"","jetpack_publicize_feature_enabled":true,"jetpack_social_post_already_shared":true,"jetpack_social_options":{"image_generator_settings":{"template":"highway","default_image_id":0,"font":"","enabled":false},"version":2}},"categories":[3],"tags":[53],"class_list":{"0":"post-8267","1":"post","2":"type-post","3":"status-publish","4":"format-standard","5":"has-post-thumbnail","7":"category-actualites","8":"tag-messe-televisee-langeac","9":"czr-hentry"},"jetpack_publicize_connections":[],"jetpack_featured_media_url":"https:\/\/i0.wp.com\/dominicaineslangeac.fr\/wp-content\/uploads\/2023\/11\/2023-11-09_175723.jpg?fit=1917%2C1042&ssl=1","jetpack_sharing_enabled":true,"jetpack_shortlink":"https:\/\/wp.me\/p7P1cC-29l","jetpack-related-posts":[{"id":1066,"url":"https:\/\/dominicaineslangeac.fr\/index.php\/2017\/12\/14\/messes-noel-2017\/","url_meta":{"origin":8267,"position":0},"title":"Messes No\u00ebl 2018","author":"Monast\u00e8re Ste Catherine","date":"14 d\u00e9cembre 2017","format":false,"excerpt":"Au Monast\u00e8re Sainte Catherine de Sienne \u00e0 Langeac,\u00a0 pr\u00e9dicateur Paul - Adrien d'Hardemare dominicain \u00a0 \u00a0Veille de No\u00ebl Lundi 24 d\u00e9cembre 2018 23h\u00a0: Matines solennelles de la Nativit\u00e9 La Nativit\u00e9 du Seigneur Mardi 25 d\u00e9cembre 24h\u00a0: Messe de Minuit 8h15\u00a0: Messe de l\u2019Aurore 10h15\u00a0: Messe du Jour \u00a0 \u00a0 Dimanche\u2026","rel":"","context":"Dans &quot;Non class\u00e9&quot;","block_context":{"text":"Non class\u00e9","link":"https:\/\/dominicaineslangeac.fr\/index.php\/category\/non-classe\/"},"img":{"alt_text":"","src":"https:\/\/i0.wp.com\/dominicaineslangeac.fr\/wp-content\/uploads\/2017\/12\/P1030363.jpg?fit=1200%2C900&ssl=1&resize=350%2C200","width":350,"height":200,"srcset":"https:\/\/i0.wp.com\/dominicaineslangeac.fr\/wp-content\/uploads\/2017\/12\/P1030363.jpg?fit=1200%2C900&ssl=1&resize=350%2C200 1x, https:\/\/i0.wp.com\/dominicaineslangeac.fr\/wp-content\/uploads\/2017\/12\/P1030363.jpg?fit=1200%2C900&ssl=1&resize=525%2C300 1.5x, https:\/\/i0.wp.com\/dominicaineslangeac.fr\/wp-content\/uploads\/2017\/12\/P1030363.jpg?fit=1200%2C900&ssl=1&resize=700%2C400 2x, https:\/\/i0.wp.com\/dominicaineslangeac.fr\/wp-content\/uploads\/2017\/12\/P1030363.jpg?fit=1200%2C900&ssl=1&resize=1050%2C600 3x"},"classes":[]},{"id":7930,"url":"https:\/\/dominicaineslangeac.fr\/index.php\/2023\/09\/25\/messe-du-24-sept-2023-radiodiffusee-sur-france-culture\/","url_meta":{"origin":8267,"position":1},"title":"Messe du 24 sept. 2023 radiodiffus\u00e9e sur France Culture","author":"MONASTERE","date":"25 septembre 2023","format":false,"excerpt":"Messe pr\u00each\u00e9e par le fr\u00e8re Augustin Laffay, op. et l'aimable participation de l'ensemble instrumental Ars Figuralis dirig\u00e9 par Cyril Escoffier. messe-du-dimanche-24-septembre-2023-depuis-la-chapelle-notre-dame-de-la-medaille-miraculeuse-a-paris-9510659[1]","rel":"","context":"Dans &quot;Actualit\u00e9s&quot;","block_context":{"text":"Actualit\u00e9s","link":"https:\/\/dominicaineslangeac.fr\/index.php\/category\/actualites\/"},"img":{"alt_text":"","src":"https:\/\/i0.wp.com\/dominicaineslangeac.fr\/wp-content\/uploads\/2023\/09\/20230923_202638-scaled.jpg?fit=1200%2C540&ssl=1&resize=350%2C200","width":350,"height":200,"srcset":"https:\/\/i0.wp.com\/dominicaineslangeac.fr\/wp-content\/uploads\/2023\/09\/20230923_202638-scaled.jpg?fit=1200%2C540&ssl=1&resize=350%2C200 1x, https:\/\/i0.wp.com\/dominicaineslangeac.fr\/wp-content\/uploads\/2023\/09\/20230923_202638-scaled.jpg?fit=1200%2C540&ssl=1&resize=525%2C300 1.5x, https:\/\/i0.wp.com\/dominicaineslangeac.fr\/wp-content\/uploads\/2023\/09\/20230923_202638-scaled.jpg?fit=1200%2C540&ssl=1&resize=700%2C400 2x, https:\/\/i0.wp.com\/dominicaineslangeac.fr\/wp-content\/uploads\/2023\/09\/20230923_202638-scaled.jpg?fit=1200%2C540&ssl=1&resize=1050%2C600 3x"},"classes":[]},{"id":6897,"url":"https:\/\/dominicaineslangeac.fr\/index.php\/2023\/04\/02\/semaine-sainte-2023\/","url_meta":{"origin":8267,"position":2},"title":"Semaine Sainte 2023","author":"MONASTERE","date":"2 avril 2023","format":false,"excerpt":"Jeudi Saint : 18h Messe de la C\u00e8ne du Seigneur Vendredi Saint : 15h Action liturgique de la Passion et de la Mort du Seigneur Samedi Saint : 22h30 Vigile Pascale et Messe de la nuit Jour de P\u00e2ques : 9h15 Messe du jour Avec les fr\u00e8res Norbert-Marie Sonnier et\u2026","rel":"","context":"Dans &quot;archives&quot;","block_context":{"text":"archives","link":"https:\/\/dominicaineslangeac.fr\/index.php\/category\/archives\/"},"img":{"alt_text":"","src":"https:\/\/i0.wp.com\/dominicaineslangeac.fr\/wp-content\/uploads\/2017\/03\/Agonie-3.jpg?fit=768%2C1200&ssl=1&resize=350%2C200","width":350,"height":200,"srcset":"https:\/\/i0.wp.com\/dominicaineslangeac.fr\/wp-content\/uploads\/2017\/03\/Agonie-3.jpg?fit=768%2C1200&ssl=1&resize=350%2C200 1x, https:\/\/i0.wp.com\/dominicaineslangeac.fr\/wp-content\/uploads\/2017\/03\/Agonie-3.jpg?fit=768%2C1200&ssl=1&resize=525%2C300 1.5x, https:\/\/i0.wp.com\/dominicaineslangeac.fr\/wp-content\/uploads\/2017\/03\/Agonie-3.jpg?fit=768%2C1200&ssl=1&resize=700%2C400 2x"},"classes":[]},{"id":1020,"url":"https:\/\/dominicaineslangeac.fr\/index.php\/2017\/08\/20\/messe-radiodiffusee-sur-france-culture\/","url_meta":{"origin":8267,"position":3},"title":"Messe radiodiffus\u00e9e sur France Culture","author":"MONASTERE","date":"20 ao\u00fbt 2017","format":false,"excerpt":"Dimanche 27 ao\u00fbt 2017 \u00e0 10h la messe sera retransmise en direct sur France Culture. Pr\u00e9dicateur P\u00e8re Lo\u00efc Bournay dominicain.","rel":"","context":"Dans &quot;Non class\u00e9&quot;","block_context":{"text":"Non class\u00e9","link":"https:\/\/dominicaineslangeac.fr\/index.php\/category\/non-classe\/"},"img":{"alt_text":"","src":"","width":0,"height":0},"classes":[]},{"id":8450,"url":"https:\/\/dominicaineslangeac.fr\/index.php\/2023\/12\/19\/noel-2023\/","url_meta":{"origin":8267,"position":4},"title":"No\u00ebl 2023","author":"MONASTERE","date":"19 d\u00e9cembre 2023","format":false,"excerpt":"C\u00e9l\u00e9brations de No\u00ebl avec fr\u00e8re Didier Pentec\u00f6te, op. Messe de minuit","rel":"","context":"Dans &quot;archives&quot;","block_context":{"text":"archives","link":"https:\/\/dominicaineslangeac.fr\/index.php\/category\/archives\/"},"img":{"alt_text":"","src":"https:\/\/i0.wp.com\/dominicaineslangeac.fr\/wp-content\/uploads\/2023\/12\/vierge.jpeg?fit=448%2C336&ssl=1&resize=350%2C200","width":350,"height":200},"classes":[]},{"id":7764,"url":"https:\/\/dominicaineslangeac.fr\/index.php\/2023\/09\/16\/concert-baroque-23-sept-2023\/","url_meta":{"origin":8267,"position":5},"title":"CONCERT BAROQUE &#8211; 23 sept.2023","author":"MONASTERE","date":"16 septembre 2023","format":false,"excerpt":"1623 - 2023 Concert de musique Baroque \u00e0 la Coll\u00e9giale de Langeac Paris 1623 Ecce Ancilla Domini! par l'ensemble Ars Figuralis","rel":"","context":"Dans &quot;Jubil\u00e9 2023&quot;","block_context":{"text":"Jubil\u00e9 2023","link":"https:\/\/dominicaineslangeac.fr\/index.php\/category\/jubile-2023\/"},"img":{"alt_text":"","src":"https:\/\/i0.wp.com\/dominicaineslangeac.fr\/wp-content\/uploads\/2023\/09\/Ars-Figuralis-23-sept-2023-Langeac.jpg?resize=350%2C200&ssl=1","width":350,"height":200,"srcset":"https:\/\/i0.wp.com\/dominicaineslangeac.fr\/wp-content\/uploads\/2023\/09\/Ars-Figuralis-23-sept-2023-Langeac.jpg?resize=350%2C200&ssl=1 1x, https:\/\/i0.wp.com\/dominicaineslangeac.fr\/wp-content\/uploads\/2023\/09\/Ars-Figuralis-23-sept-2023-Langeac.jpg?resize=525%2C300&ssl=1 1.5x"},"classes":[]}],"_links":{"self":[{"href":"https:\/\/dominicaineslangeac.fr\/index.php\/wp-json\/wp\/v2\/posts\/8267","targetHints":{"allow":["GET"]}}],"collection":[{"href":"https:\/\/dominicaineslangeac.fr\/index.php\/wp-json\/wp\/v2\/posts"}],"about":[{"href":"https:\/\/dominicaineslangeac.fr\/index.php\/wp-json\/wp\/v2\/types\/post"}],"author":[{"embeddable":true,"href":"https:\/\/dominicaineslangeac.fr\/index.php\/wp-json\/wp\/v2\/users\/2"}],"replies":[{"embeddable":true,"href":"https:\/\/dominicaineslangeac.fr\/index.php\/wp-json\/wp\/v2\/comments?post=8267"}],"version-history":[{"count":2,"href":"https:\/\/dominicaineslangeac.fr\/index.php\/wp-json\/wp\/v2\/posts\/8267\/revisions"}],"predecessor-version":[{"id":8271,"href":"https:\/\/dominicaineslangeac.fr\/index.php\/wp-json\/wp\/v2\/posts\/8267\/revisions\/8271"}],"wp:featuredmedia":[{"embeddable":true,"href":"https:\/\/dominicaineslangeac.fr\/index.php\/wp-json\/wp\/v2\/media\/8269"}],"wp:attachment":[{"href":"https:\/\/dominicaineslangeac.fr\/index.php\/wp-json\/wp\/v2\/media?parent=8267"}],"wp:term":[{"taxonomy":"category","embeddable":true,"href":"https:\/\/dominicaineslangeac.fr\/index.php\/wp-json\/wp\/v2\/categories?post=8267"},{"taxonomy":"post_tag","embeddable":true,"href":"https:\/\/dominicaineslangeac.fr\/index.php\/wp-json\/wp\/v2\/tags?post=8267"}],"curies":[{"name":"wp","href":"https:\/\/api.w.org\/{rel}","templated":true}]}}