{"id":6516,"date":"2023-01-12T22:58:39","date_gmt":"2023-01-12T21:58:39","guid":{"rendered":"http:\/\/dominicaineslangeac.fr\/?p=6516"},"modified":"2023-04-02T14:48:44","modified_gmt":"2023-04-02T13:48:44","slug":"semaine-de-priere-pour-lunite-des-chretiens","status":"publish","type":"post","link":"https:\/\/dominicaineslangeac.fr\/index.php\/2023\/01\/12\/semaine-de-priere-pour-lunite-des-chretiens\/","title":{"rendered":"Semaine de pri\u00e8re pour l&rsquo;unit\u00e9 des chr\u00e9tiens"},"content":{"rendered":"\n<p class=\"has-medium-font-size\">Rencontre samedi 21 janvier 2023 \u00e0 15h au monast\u00e8re<\/p>\n\n\n\n<p>Elle d\u00e9butera \u00e0 la Ferme par un partage biblique autour du texte du proph\u00e8te Isa\u00efe Is 1, 10-20<\/p>\n\n\n\n<p>Il sera suivi d&rsquo;un temps de pri\u00e8re \u00e0 la chapelle<\/p>\n\n\n\n<p>Nous conclurons par le partage d&rsquo;un go\u00fbter <\/p>\n\n\n\n<p><\/p>\n\n\n\n<div class=\"wp-block-image\"><figure class=\"alignleft size-large is-resized\"><img data-recalc-dims=\"1\" loading=\"lazy\" decoding=\"async\" src=\"https:\/\/i0.wp.com\/dominicaineslangeac.fr\/wp-content\/uploads\/2023\/01\/Affiche-A3-1.jpg?resize=484%2C684\" alt=\"\" width=\"484\" height=\"684\"\/><\/figure><\/div>\n","protected":false},"excerpt":{"rendered":"<p>Rencontre samedi 21 janvier 2023 \u00e0 15h au monast\u00e8re Elle d\u00e9butera \u00e0 la Ferme par un partage biblique autour du texte du proph\u00e8te Isa\u00efe Is 1, 10-20 Il sera suivi d&rsquo;un temps de pri\u00e8re \u00e0 la chapelle Nous conclurons par le partage d&rsquo;un go\u00fbter<\/p>\n","protected":false},"author":2,"featured_media":6518,"comment_status":"closed","ping_status":"closed","sticky":false,"template":"","format":"standard","meta":{"advanced_seo_description":"","jetpack_seo_html_title":"","jetpack_seo_noindex":false,"jetpack_post_was_ever_published":false,"_jetpack_newsletter_access":"","_jetpack_dont_email_post_to_subs":false,"_jetpack_newsletter_tier_id":0,"_jetpack_memberships_contains_paywalled_content":false,"_jetpack_memberships_contains_paid_content":false,"footnotes":"","jetpack_publicize_message":"","jetpack_publicize_feature_enabled":true,"jetpack_social_post_already_shared":true,"jetpack_social_options":{"image_generator_settings":{"template":"highway","default_image_id":0,"font":"","enabled":false},"version":2}},"categories":[27],"tags":[25],"class_list":{"0":"post-6516","1":"post","2":"type-post","3":"status-publish","4":"format-standard","5":"has-post-thumbnail","7":"category-archives","8":"tag-oecumenique-unite","9":"czr-hentry"},"jetpack_publicize_connections":[],"jetpack_featured_media_url":"https:\/\/i0.wp.com\/dominicaineslangeac.fr\/wp-content\/uploads\/2023\/01\/Affiche-A3-1.jpg?fit=842%2C1191&ssl=1","jetpack_sharing_enabled":true,"jetpack_shortlink":"https:\/\/wp.me\/p7P1cC-1H6","jetpack-related-posts":[{"id":12415,"url":"https:\/\/dominicaineslangeac.fr\/index.php\/2025\/05\/18\/samedi-24-mai-2025-a-15h-priere-oecumenique\/","url_meta":{"origin":6516,"position":0},"title":"Samedi 24 mai 2025 \u00e0 15h &#8211; pri\u00e8re \u0153cum\u00e9nique","author":"MONASTERE","date":"18 mai 2025","format":false,"excerpt":"samedi 15 mai \u00e0 15h pri\u00e8re \u0153cum\u00e9nique, \"crois-tu cela\"","rel":"","context":"Dans &quot;Actualit\u00e9s&quot;","block_context":{"text":"Actualit\u00e9s","link":"https:\/\/dominicaineslangeac.fr\/index.php\/category\/actualites\/"},"img":{"alt_text":"","src":"https:\/\/i0.wp.com\/dominicaineslangeac.fr\/wp-content\/uploads\/2025\/05\/SPPUC-2025-Image-du-concile.jpeg?fit=1200%2C675&ssl=1&resize=350%2C200","width":350,"height":200,"srcset":"https:\/\/i0.wp.com\/dominicaineslangeac.fr\/wp-content\/uploads\/2025\/05\/SPPUC-2025-Image-du-concile.jpeg?fit=1200%2C675&ssl=1&resize=350%2C200 1x, https:\/\/i0.wp.com\/dominicaineslangeac.fr\/wp-content\/uploads\/2025\/05\/SPPUC-2025-Image-du-concile.jpeg?fit=1200%2C675&ssl=1&resize=525%2C300 1.5x, https:\/\/i0.wp.com\/dominicaineslangeac.fr\/wp-content\/uploads\/2025\/05\/SPPUC-2025-Image-du-concile.jpeg?fit=1200%2C675&ssl=1&resize=700%2C400 2x, https:\/\/i0.wp.com\/dominicaineslangeac.fr\/wp-content\/uploads\/2025\/05\/SPPUC-2025-Image-du-concile.jpeg?fit=1200%2C675&ssl=1&resize=1050%2C600 3x"},"classes":[]},{"id":5058,"url":"https:\/\/dominicaineslangeac.fr\/index.php\/2022\/01\/07\/semaine-de-priere-pour-lunite\/","url_meta":{"origin":6516,"position":1},"title":"pri\u00e8re pour l&rsquo;unit\u00e9  des chr\u00e9tiens 22 janvier","author":"MONASTERE","date":"7 janvier 2022","format":false,"excerpt":"Th\u00e8me propos\u00e9 par les chr\u00e9tiens d'Orient Temps de pri\u00e8re\u00a0 \u0153cum\u00e9niquele samedi 22 janvier 2022 \u00e0 la chapelle du monast\u00e8re","rel":"","context":"Dans &quot;Non class\u00e9&quot;","block_context":{"text":"Non class\u00e9","link":"https:\/\/dominicaineslangeac.fr\/index.php\/category\/non-classe\/"},"img":{"alt_text":"","src":"https:\/\/i0.wp.com\/dominicaineslangeac.fr\/wp-content\/uploads\/2022\/01\/etoile.jpg?fit=442%2C269&ssl=1&resize=350%2C200","width":350,"height":200},"classes":[]},{"id":3862,"url":"https:\/\/dominicaineslangeac.fr\/index.php\/2020\/12\/26\/priere-pour-lunite\/","url_meta":{"origin":6516,"position":2},"title":"Pri\u00e8re Pour l&rsquo;unit\u00e9","author":"MONASTERE","date":"26 d\u00e9cembre 2020","format":false,"excerpt":"samedi 23 janvier \u00e0 14h chapelle du monast\u00e8re Pri\u00e8re pr\u00e9par\u00e9e par la communaut\u00e9 monastique de Grandchamp Th\u00e8me 2021 : Demeurez dans mon amour et vous porterez du fruit en abondanceJean 15,1-17","rel":"","context":"Dans &quot;Non class\u00e9&quot;","block_context":{"text":"Non class\u00e9","link":"https:\/\/dominicaineslangeac.fr\/index.php\/category\/non-classe\/"},"img":{"alt_text":"","src":"https:\/\/i0.wp.com\/dominicaineslangeac.fr\/wp-content\/uploads\/2020\/12\/affiche-unite.jpg?fit=226%2C320&ssl=1&resize=350%2C200","width":350,"height":200},"classes":[]},{"id":1248,"url":"https:\/\/dominicaineslangeac.fr\/index.php\/2019\/01\/09\/19-janvier-2019-priere-pour-lunite-chretienne\/","url_meta":{"origin":6516,"position":3},"title":"18 janvier 2020 pri\u00e8re pour l&rsquo;unit\u00e9 chr\u00e9tienne\u00a0","author":"MONASTERE","date":"9 janvier 2019","format":false,"excerpt":"Th\u00e8me propos\u00e9 par les chr\u00e9tiens de Malte\u00a0 Temps de pri\u00e8re\u00a0 \u0153cum\u00e9nique le samedi 18 janvier 2020 \u00e0 15h, La c\u00e9l\u00e9bration sera suivie d'une rencontre conviviale","rel":"","context":"Dans &quot;Non class\u00e9&quot;","block_context":{"text":"Non class\u00e9","link":"https:\/\/dominicaineslangeac.fr\/index.php\/category\/non-classe\/"},"img":{"alt_text":"","src":"https:\/\/i0.wp.com\/dominicaineslangeac.fr\/wp-content\/uploads\/2019\/11\/Affiche-724x1024.jpg?fit=724%2C1024&ssl=1&resize=350%2C200","width":350,"height":200,"srcset":"https:\/\/i0.wp.com\/dominicaineslangeac.fr\/wp-content\/uploads\/2019\/11\/Affiche-724x1024.jpg?fit=724%2C1024&ssl=1&resize=350%2C200 1x, https:\/\/i0.wp.com\/dominicaineslangeac.fr\/wp-content\/uploads\/2019\/11\/Affiche-724x1024.jpg?fit=724%2C1024&ssl=1&resize=525%2C300 1.5x, https:\/\/i0.wp.com\/dominicaineslangeac.fr\/wp-content\/uploads\/2019\/11\/Affiche-724x1024.jpg?fit=724%2C1024&ssl=1&resize=700%2C400 2x"},"classes":[]},{"id":2859,"url":"https:\/\/dominicaineslangeac.fr\/index.php\/2020\/04\/08\/priere-oecumenique-contre-la-pandemie\/","url_meta":{"origin":6516,"position":4},"title":"Pri\u00e8re \u0153cum\u00e9nique contre la pand\u00e9mie","author":"MONASTERE","date":"8 avril 2020","format":false,"excerpt":"Face au Covid-19\u00a0Temps de pri\u00e8re \u0153cum\u00e9nique secteur Langeac Paulhaguet Mercredi 8 avril \u00e0 18h30 Je recommande donc, avant tout, que l\u2019on fasse des demandes, des pri\u00e8res, des supplications, des actions de gr\u00e2ce, pour tous les hommes,\u00a0pour les rois et tous ceux qui d\u00e9tiennent l\u2019autorit\u00e9, afin que nous menions une vie\u2026","rel":"","context":"Dans &quot;Non class\u00e9&quot;","block_context":{"text":"Non class\u00e9","link":"https:\/\/dominicaineslangeac.fr\/index.php\/category\/non-classe\/"},"img":{"alt_text":"","src":"https:\/\/i0.wp.com\/dominicaineslangeac.fr\/wp-content\/uploads\/2019\/11\/tabernacle-scaled.jpg?fit=674%2C1200&ssl=1&resize=350%2C200","width":350,"height":200,"srcset":"https:\/\/i0.wp.com\/dominicaineslangeac.fr\/wp-content\/uploads\/2019\/11\/tabernacle-scaled.jpg?fit=674%2C1200&ssl=1&resize=350%2C200 1x, https:\/\/i0.wp.com\/dominicaineslangeac.fr\/wp-content\/uploads\/2019\/11\/tabernacle-scaled.jpg?fit=674%2C1200&ssl=1&resize=525%2C300 1.5x"},"classes":[]},{"id":5555,"url":"https:\/\/dominicaineslangeac.fr\/index.php\/2022\/05\/26\/journee-de-priere\/","url_meta":{"origin":6516,"position":5},"title":"journ\u00e9e de pri\u00e8re","author":"MONASTERE","date":"26 mai 2022","format":false,"excerpt":"","rel":"","context":"Dans &quot;Non class\u00e9&quot;","block_context":{"text":"Non class\u00e9","link":"https:\/\/dominicaineslangeac.fr\/index.php\/category\/non-classe\/"},"img":{"alt_text":"","src":"https:\/\/i0.wp.com\/dominicaineslangeac.fr\/wp-content\/uploads\/2022\/05\/colombe.jpg?fit=421%2C295&ssl=1&resize=350%2C200","width":350,"height":200},"classes":[]}],"_links":{"self":[{"href":"https:\/\/dominicaineslangeac.fr\/index.php\/wp-json\/wp\/v2\/posts\/6516","targetHints":{"allow":["GET"]}}],"collection":[{"href":"https:\/\/dominicaineslangeac.fr\/index.php\/wp-json\/wp\/v2\/posts"}],"about":[{"href":"https:\/\/dominicaineslangeac.fr\/index.php\/wp-json\/wp\/v2\/types\/post"}],"author":[{"embeddable":true,"href":"https:\/\/dominicaineslangeac.fr\/index.php\/wp-json\/wp\/v2\/users\/2"}],"replies":[{"embeddable":true,"href":"https:\/\/dominicaineslangeac.fr\/index.php\/wp-json\/wp\/v2\/comments?post=6516"}],"version-history":[{"count":4,"href":"https:\/\/dominicaineslangeac.fr\/index.php\/wp-json\/wp\/v2\/posts\/6516\/revisions"}],"predecessor-version":[{"id":6547,"href":"https:\/\/dominicaineslangeac.fr\/index.php\/wp-json\/wp\/v2\/posts\/6516\/revisions\/6547"}],"wp:featuredmedia":[{"embeddable":true,"href":"https:\/\/dominicaineslangeac.fr\/index.php\/wp-json\/wp\/v2\/media\/6518"}],"wp:attachment":[{"href":"https:\/\/dominicaineslangeac.fr\/index.php\/wp-json\/wp\/v2\/media?parent=6516"}],"wp:term":[{"taxonomy":"category","embeddable":true,"href":"https:\/\/dominicaineslangeac.fr\/index.php\/wp-json\/wp\/v2\/categories?post=6516"},{"taxonomy":"post_tag","embeddable":true,"href":"https:\/\/dominicaineslangeac.fr\/index.php\/wp-json\/wp\/v2\/tags?post=6516"}],"curies":[{"name":"wp","href":"https:\/\/api.w.org\/{rel}","templated":true}]}}