{"id":6420,"date":"2022-12-29T22:42:50","date_gmt":"2022-12-29T21:42:50","guid":{"rendered":"http:\/\/dominicaineslangeac.fr\/?p=6420"},"modified":"2024-02-07T15:36:06","modified_gmt":"2024-02-07T14:36:06","slug":"ouverture-du-jubile-400-ans-de-fondation","status":"publish","type":"post","link":"https:\/\/dominicaineslangeac.fr\/index.php\/2022\/12\/29\/ouverture-du-jubile-400-ans-de-fondation\/","title":{"rendered":"Epiphanie 2023, ouverture du jubil\u00e9: 400 ans de fondation"},"content":{"rendered":"\n<p class=\"has-text-color has-medium-font-size\" style=\"color:#4ba300\"><strong>Dimanche 8 janvier 2023 <\/strong><\/p>\n\n\n\n<p class=\"has-medium-font-size\"><strong>9h<\/strong> Messe solennelle d&rsquo;ouverture pr\u00e9sid\u00e9e par Monseigneur Yves Baumgarten, \u00e9v\u00eaque du Puy-en-Velay<\/p>\n\n\n\n<div class=\"wp-block-image\"><figure class=\"aligncenter size-large is-resized\"><img data-recalc-dims=\"1\" loading=\"lazy\" decoding=\"async\" data-attachment-id=\"6421\" data-permalink=\"https:\/\/dominicaineslangeac.fr\/index.php\/2022\/12\/29\/ouverture-du-jubile-400-ans-de-fondation\/cour-du-monastere-15-mo-1\/\" data-orig-file=\"https:\/\/i0.wp.com\/dominicaineslangeac.fr\/wp-content\/uploads\/2022\/12\/Cour-du-monastere-15-mo-1-scaled.jpg?fit=1920%2C2560&amp;ssl=1\" data-orig-size=\"1920,2560\" data-comments-opened=\"0\" data-image-meta=\"{&quot;aperture&quot;:&quot;0&quot;,&quot;credit&quot;:&quot;&quot;,&quot;camera&quot;:&quot;&quot;,&quot;caption&quot;:&quot;&quot;,&quot;created_timestamp&quot;:&quot;1665591460&quot;,&quot;copyright&quot;:&quot;&quot;,&quot;focal_length&quot;:&quot;0&quot;,&quot;iso&quot;:&quot;0&quot;,&quot;shutter_speed&quot;:&quot;0&quot;,&quot;title&quot;:&quot;&quot;,&quot;orientation&quot;:&quot;1&quot;}\" data-image-title=\"Cour-du-monastere-15-mo-1\" data-image-description=\"\" data-image-caption=\"\" data-large-file=\"https:\/\/i0.wp.com\/dominicaineslangeac.fr\/wp-content\/uploads\/2022\/12\/Cour-du-monastere-15-mo-1-scaled.jpg?fit=700%2C933&amp;ssl=1\" src=\"https:\/\/i0.wp.com\/dominicaineslangeac.fr\/wp-content\/uploads\/2022\/12\/Cour-du-monastere-15-mo-1-700x933.jpg?resize=468%2C624\" alt=\"\" class=\"wp-image-6421\" width=\"468\" height=\"624\" srcset=\"https:\/\/i0.wp.com\/dominicaineslangeac.fr\/wp-content\/uploads\/2022\/12\/Cour-du-monastere-15-mo-1-scaled.jpg?resize=700%2C933&amp;ssl=1 700w, https:\/\/i0.wp.com\/dominicaineslangeac.fr\/wp-content\/uploads\/2022\/12\/Cour-du-monastere-15-mo-1-scaled.jpg?resize=225%2C300&amp;ssl=1 225w, https:\/\/i0.wp.com\/dominicaineslangeac.fr\/wp-content\/uploads\/2022\/12\/Cour-du-monastere-15-mo-1-scaled.jpg?resize=768%2C1024&amp;ssl=1 768w, https:\/\/i0.wp.com\/dominicaineslangeac.fr\/wp-content\/uploads\/2022\/12\/Cour-du-monastere-15-mo-1-scaled.jpg?resize=1152%2C1536&amp;ssl=1 1152w, https:\/\/i0.wp.com\/dominicaineslangeac.fr\/wp-content\/uploads\/2022\/12\/Cour-du-monastere-15-mo-1-scaled.jpg?resize=1536%2C2048&amp;ssl=1 1536w, https:\/\/i0.wp.com\/dominicaineslangeac.fr\/wp-content\/uploads\/2022\/12\/Cour-du-monastere-15-mo-1-scaled.jpg?w=1920&amp;ssl=1 1920w\" sizes=\"auto, (max-width: 468px) 100vw, 468px\" \/><figcaption>Entr\u00e9e du monast\u00e8re primitif, Historial M\u00e8re Agn\u00e8s<\/figcaption><\/figure><\/div>\n","protected":false},"excerpt":{"rendered":"<p>Dimanche 8 janvier 2023 9h Messe solennelle d&rsquo;ouverture pr\u00e9sid\u00e9e par Monseigneur Yves Baumgarten, \u00e9v\u00eaque du Puy-en-Velay<\/p>\n","protected":false},"author":2,"featured_media":0,"comment_status":"closed","ping_status":"closed","sticky":false,"template":"","format":"standard","meta":{"advanced_seo_description":"","jetpack_seo_html_title":"","jetpack_seo_noindex":false,"jetpack_post_was_ever_published":false,"_jetpack_newsletter_access":"","_jetpack_dont_email_post_to_subs":false,"_jetpack_newsletter_tier_id":0,"_jetpack_memberships_contains_paywalled_content":false,"_jetpack_memberships_contains_paid_content":false,"footnotes":"","jetpack_publicize_message":"","jetpack_publicize_feature_enabled":true,"jetpack_social_post_already_shared":true,"jetpack_social_options":{"image_generator_settings":{"template":"highway","default_image_id":0,"font":"","enabled":false},"version":2}},"categories":[67],"tags":[],"class_list":{"0":"post-6420","1":"post","2":"type-post","3":"status-publish","4":"format-standard","6":"category-jubile-2023","7":"czr-hentry"},"jetpack_publicize_connections":[],"jetpack_featured_media_url":"","jetpack_sharing_enabled":true,"jetpack_shortlink":"https:\/\/wp.me\/p7P1cC-1Fy","jetpack-related-posts":[{"id":8463,"url":"https:\/\/dominicaineslangeac.fr\/index.php\/2023\/12\/20\/lettre-aux-amis-decembre-2023\/","url_meta":{"origin":6420,"position":0},"title":"Lettre aux amis d\u00e9cembre 2023","author":"MONASTERE","date":"20 d\u00e9cembre 2023","format":false,"excerpt":"Lettres aux amis d\u00e9cembre 2023","rel":"","context":"Dans &quot;Jubil\u00e9 2023&quot;","block_context":{"text":"Jubil\u00e9 2023","link":"https:\/\/dominicaineslangeac.fr\/index.php\/category\/jubile-2023\/"},"img":{"alt_text":"","src":"","width":0,"height":0},"classes":[]},{"id":8332,"url":"https:\/\/dominicaineslangeac.fr\/index.php\/2023\/11\/30\/8332\/","url_meta":{"origin":6420,"position":1},"title":"R\u00e9ponse souhait\u00e9e avant le 9\u2026","author":"MONASTERE","date":"30 novembre 2023","format":false,"excerpt":"Retraite d'Avent avec la communaut\u00e9","rel":"","context":"Dans &quot;Jubil\u00e9 2023&quot;","block_context":{"text":"Jubil\u00e9 2023","link":"https:\/\/dominicaineslangeac.fr\/index.php\/category\/jubile-2023\/"},"img":{"alt_text":"","src":"https:\/\/i0.wp.com\/dominicaineslangeac.fr\/wp-content\/uploads\/2023\/11\/journee-dAvent-2023.jpg?fit=1200%2C670&ssl=1&resize=350%2C200","width":350,"height":200,"srcset":"https:\/\/i0.wp.com\/dominicaineslangeac.fr\/wp-content\/uploads\/2023\/11\/journee-dAvent-2023.jpg?fit=1200%2C670&ssl=1&resize=350%2C200 1x, https:\/\/i0.wp.com\/dominicaineslangeac.fr\/wp-content\/uploads\/2023\/11\/journee-dAvent-2023.jpg?fit=1200%2C670&ssl=1&resize=525%2C300 1.5x, https:\/\/i0.wp.com\/dominicaineslangeac.fr\/wp-content\/uploads\/2023\/11\/journee-dAvent-2023.jpg?fit=1200%2C670&ssl=1&resize=700%2C400 2x, https:\/\/i0.wp.com\/dominicaineslangeac.fr\/wp-content\/uploads\/2023\/11\/journee-dAvent-2023.jpg?fit=1200%2C670&ssl=1&resize=1050%2C600 3x"},"classes":[]},{"id":7214,"url":"https:\/\/dominicaineslangeac.fr\/index.php\/2023\/05\/31\/8-aout-2023-saint-dominique\/","url_meta":{"origin":6420,"position":2},"title":"8 ao\u00fbt 2023 &#8211; Saint Dominique","author":"MONASTERE","date":"31 mai 2023","format":false,"excerpt":"8 ao\u00fbt 2023 f\u00eate de Saint Dominique","rel":"","context":"Dans &quot;Jubil\u00e9 2023&quot;","block_context":{"text":"Jubil\u00e9 2023","link":"https:\/\/dominicaineslangeac.fr\/index.php\/category\/jubile-2023\/"},"img":{"alt_text":"","src":"https:\/\/i0.wp.com\/dominicaineslangeac.fr\/wp-content\/uploads\/2023\/05\/IMG_20220905_122803.jpg?fit=883%2C558&ssl=1&resize=350%2C200","width":350,"height":200,"srcset":"https:\/\/i0.wp.com\/dominicaineslangeac.fr\/wp-content\/uploads\/2023\/05\/IMG_20220905_122803.jpg?fit=883%2C558&ssl=1&resize=350%2C200 1x, https:\/\/i0.wp.com\/dominicaineslangeac.fr\/wp-content\/uploads\/2023\/05\/IMG_20220905_122803.jpg?fit=883%2C558&ssl=1&resize=525%2C300 1.5x, https:\/\/i0.wp.com\/dominicaineslangeac.fr\/wp-content\/uploads\/2023\/05\/IMG_20220905_122803.jpg?fit=883%2C558&ssl=1&resize=700%2C400 2x"},"classes":[]},{"id":7106,"url":"https:\/\/dominicaineslangeac.fr\/index.php\/2023\/05\/17\/10-ans-de-laamdl\/","url_meta":{"origin":6420,"position":3},"title":"10 ans de l&rsquo;AAMDL    25 juin 2023","author":"MONASTERE","date":"17 mai 2023","format":false,"excerpt":"10 ans de l'AAMDL Journ\u00e9e des amis","rel":"","context":"Dans &quot;archives&quot;","block_context":{"text":"archives","link":"https:\/\/dominicaineslangeac.fr\/index.php\/category\/archives\/"},"img":{"alt_text":"","src":"https:\/\/i0.wp.com\/dominicaineslangeac.fr\/wp-content\/uploads\/2023\/05\/Jean-Francois-Regis.png?resize=350%2C200","width":350,"height":200},"classes":[]},{"id":7764,"url":"https:\/\/dominicaineslangeac.fr\/index.php\/2023\/09\/16\/concert-baroque-23-sept-2023\/","url_meta":{"origin":6420,"position":4},"title":"CONCERT BAROQUE &#8211; 23 sept.2023","author":"MONASTERE","date":"16 septembre 2023","format":false,"excerpt":"1623 - 2023 Concert de musique Baroque \u00e0 la Coll\u00e9giale de Langeac Paris 1623 Ecce Ancilla Domini! par l'ensemble Ars Figuralis","rel":"","context":"Dans &quot;Jubil\u00e9 2023&quot;","block_context":{"text":"Jubil\u00e9 2023","link":"https:\/\/dominicaineslangeac.fr\/index.php\/category\/jubile-2023\/"},"img":{"alt_text":"","src":"https:\/\/i0.wp.com\/dominicaineslangeac.fr\/wp-content\/uploads\/2023\/09\/Ars-Figuralis-23-sept-2023-Langeac.jpg?resize=350%2C200&ssl=1","width":350,"height":200,"srcset":"https:\/\/i0.wp.com\/dominicaineslangeac.fr\/wp-content\/uploads\/2023\/09\/Ars-Figuralis-23-sept-2023-Langeac.jpg?resize=350%2C200&ssl=1 1x, https:\/\/i0.wp.com\/dominicaineslangeac.fr\/wp-content\/uploads\/2023\/09\/Ars-Figuralis-23-sept-2023-Langeac.jpg?resize=525%2C300&ssl=1 1.5x"},"classes":[]},{"id":6982,"url":"https:\/\/dominicaineslangeac.fr\/index.php\/2023\/04\/19\/visite-du-maitre-de-lordre\/","url_meta":{"origin":6420,"position":5},"title":"Visite du Ma\u00eetre de l&rsquo;Ordre","author":"MONASTERE","date":"19 avril 2023","format":false,"excerpt":"La communaut\u00e9 avec fr\u00e8re G\u00e9rard Francesco Timoner III, ma\u00eetre de l'Ordre, (au milieu ) et son socius fr\u00e8re Alain Arnould (devant \u00e0 gauche) Mardi de l'Octave de P\u00e2ques,11 avril 2023, nous avons accueilli la visite fraternelle de notre Ma\u00eetre de l'Ordre des Pr\u00eacheurs arrivant du couvent Sainte Sabine \u00e0 Rome\u2026","rel":"","context":"Dans &quot;Jubil\u00e9 2023&quot;","block_context":{"text":"Jubil\u00e9 2023","link":"https:\/\/dominicaineslangeac.fr\/index.php\/category\/jubile-2023\/"},"img":{"alt_text":"","src":"https:\/\/i0.wp.com\/dominicaineslangeac.fr\/wp-content\/uploads\/2023\/04\/la-Cte-et-le-mo-et-Alain.png?fit=1200%2C900&ssl=1&resize=350%2C200","width":350,"height":200,"srcset":"https:\/\/i0.wp.com\/dominicaineslangeac.fr\/wp-content\/uploads\/2023\/04\/la-Cte-et-le-mo-et-Alain.png?fit=1200%2C900&ssl=1&resize=350%2C200 1x, https:\/\/i0.wp.com\/dominicaineslangeac.fr\/wp-content\/uploads\/2023\/04\/la-Cte-et-le-mo-et-Alain.png?fit=1200%2C900&ssl=1&resize=525%2C300 1.5x, https:\/\/i0.wp.com\/dominicaineslangeac.fr\/wp-content\/uploads\/2023\/04\/la-Cte-et-le-mo-et-Alain.png?fit=1200%2C900&ssl=1&resize=700%2C400 2x, https:\/\/i0.wp.com\/dominicaineslangeac.fr\/wp-content\/uploads\/2023\/04\/la-Cte-et-le-mo-et-Alain.png?fit=1200%2C900&ssl=1&resize=1050%2C600 3x"},"classes":[]}],"_links":{"self":[{"href":"https:\/\/dominicaineslangeac.fr\/index.php\/wp-json\/wp\/v2\/posts\/6420","targetHints":{"allow":["GET"]}}],"collection":[{"href":"https:\/\/dominicaineslangeac.fr\/index.php\/wp-json\/wp\/v2\/posts"}],"about":[{"href":"https:\/\/dominicaineslangeac.fr\/index.php\/wp-json\/wp\/v2\/types\/post"}],"author":[{"embeddable":true,"href":"https:\/\/dominicaineslangeac.fr\/index.php\/wp-json\/wp\/v2\/users\/2"}],"replies":[{"embeddable":true,"href":"https:\/\/dominicaineslangeac.fr\/index.php\/wp-json\/wp\/v2\/comments?post=6420"}],"version-history":[{"count":8,"href":"https:\/\/dominicaineslangeac.fr\/index.php\/wp-json\/wp\/v2\/posts\/6420\/revisions"}],"predecessor-version":[{"id":6479,"href":"https:\/\/dominicaineslangeac.fr\/index.php\/wp-json\/wp\/v2\/posts\/6420\/revisions\/6479"}],"wp:attachment":[{"href":"https:\/\/dominicaineslangeac.fr\/index.php\/wp-json\/wp\/v2\/media?parent=6420"}],"wp:term":[{"taxonomy":"category","embeddable":true,"href":"https:\/\/dominicaineslangeac.fr\/index.php\/wp-json\/wp\/v2\/categories?post=6420"},{"taxonomy":"post_tag","embeddable":true,"href":"https:\/\/dominicaineslangeac.fr\/index.php\/wp-json\/wp\/v2\/tags?post=6420"}],"curies":[{"name":"wp","href":"https:\/\/api.w.org\/{rel}","templated":true}]}}