{"id":6316,"date":"2022-12-11T20:12:57","date_gmt":"2022-12-11T19:12:57","guid":{"rendered":"http:\/\/dominicaineslangeac.fr\/?p=6316"},"modified":"2023-04-02T14:47:26","modified_gmt":"2023-04-02T13:47:26","slug":"concert-de-noel-le-23-decembre-a-17h-chapelle-du-monastere-ensemble-sine-nomine","status":"publish","type":"post","link":"https:\/\/dominicaineslangeac.fr\/index.php\/2022\/12\/11\/concert-de-noel-le-23-decembre-a-17h-chapelle-du-monastere-ensemble-sine-nomine\/","title":{"rendered":"Concert de No\u00ebl le 23 d\u00e9cembre \u00e0 17h ******** Chapelle  du  monast\u00e8re ********                   ******** Ensemble Sine Nomine *******"},"content":{"rendered":"\n<hr class=\"wp-block-separator\"\/>\n\n\n\n<figure class=\"wp-block-image size-full\"><img data-recalc-dims=\"1\" loading=\"lazy\" decoding=\"async\" width=\"565\" height=\"797\" data-attachment-id=\"6332\" data-permalink=\"https:\/\/dominicaineslangeac.fr\/index.php\/2022\/12\/11\/concert-de-noel-le-23-decembre-a-17h-chapelle-du-monastere-ensemble-sine-nomine\/capture-decran-2022-12-11-195453\/\" data-orig-file=\"https:\/\/i0.wp.com\/dominicaineslangeac.fr\/wp-content\/uploads\/2022\/12\/Capture-decran-2022-12-11-195453.png?fit=565%2C797&amp;ssl=1\" data-orig-size=\"565,797\" data-comments-opened=\"0\" data-image-meta=\"{&quot;aperture&quot;:&quot;0&quot;,&quot;credit&quot;:&quot;&quot;,&quot;camera&quot;:&quot;&quot;,&quot;caption&quot;:&quot;&quot;,&quot;created_timestamp&quot;:&quot;0&quot;,&quot;copyright&quot;:&quot;&quot;,&quot;focal_length&quot;:&quot;0&quot;,&quot;iso&quot;:&quot;0&quot;,&quot;shutter_speed&quot;:&quot;0&quot;,&quot;title&quot;:&quot;&quot;,&quot;orientation&quot;:&quot;0&quot;}\" data-image-title=\"Capture-decran-2022-12-11-195453\" data-image-description=\"\" data-image-caption=\"\" data-large-file=\"https:\/\/i0.wp.com\/dominicaineslangeac.fr\/wp-content\/uploads\/2022\/12\/Capture-decran-2022-12-11-195453.png?fit=565%2C797&amp;ssl=1\" src=\"https:\/\/i0.wp.com\/dominicaineslangeac.fr\/wp-content\/uploads\/2022\/12\/Capture-decran-2022-12-11-195453.png?resize=565%2C797\" alt=\"\" class=\"wp-image-6332\" srcset=\"https:\/\/i0.wp.com\/dominicaineslangeac.fr\/wp-content\/uploads\/2022\/12\/Capture-decran-2022-12-11-195453.png?w=565&amp;ssl=1 565w, https:\/\/i0.wp.com\/dominicaineslangeac.fr\/wp-content\/uploads\/2022\/12\/Capture-decran-2022-12-11-195453.png?resize=213%2C300&amp;ssl=1 213w\" sizes=\"auto, (max-width: 565px) 100vw, 565px\" \/><\/figure>\n","protected":false},"excerpt":{"rendered":"","protected":false},"author":2,"featured_media":0,"comment_status":"closed","ping_status":"closed","sticky":false,"template":"","format":"standard","meta":{"advanced_seo_description":"","jetpack_seo_html_title":"","jetpack_seo_noindex":false,"jetpack_post_was_ever_published":false,"_jetpack_newsletter_access":"","_jetpack_dont_email_post_to_subs":false,"_jetpack_newsletter_tier_id":0,"_jetpack_memberships_contains_paywalled_content":false,"_jetpack_memberships_contains_paid_content":false,"footnotes":"","jetpack_publicize_message":"","jetpack_publicize_feature_enabled":true,"jetpack_social_post_already_shared":true,"jetpack_social_options":{"image_generator_settings":{"template":"highway","default_image_id":0,"font":"","enabled":false},"version":2}},"categories":[27],"tags":[24],"class_list":{"0":"post-6316","1":"post","2":"type-post","3":"status-publish","4":"format-standard","6":"category-archives","7":"tag-concert","8":"czr-hentry"},"jetpack_publicize_connections":[],"jetpack_featured_media_url":"","jetpack_sharing_enabled":true,"jetpack_shortlink":"https:\/\/wp.me\/p7P1cC-1DS","jetpack-related-posts":[{"id":1579,"url":"https:\/\/dominicaineslangeac.fr\/index.php\/2019\/12\/12\/concert-21-decembre-18h-chapelle-du-monastere\/","url_meta":{"origin":6316,"position":0},"title":"Concert 21 d\u00e9cembre 18h  Chapelle du Monast\u00e8re","author":"MONASTERE","date":"12 d\u00e9cembre 2019","format":false,"excerpt":"","rel":"","context":"Dans &quot;Non class\u00e9&quot;","block_context":{"text":"Non class\u00e9","link":"https:\/\/dominicaineslangeac.fr\/index.php\/category\/non-classe\/"},"img":{"alt_text":"","src":"https:\/\/i0.wp.com\/dominicaineslangeac.fr\/wp-content\/uploads\/2019\/12\/aff.conc_.langeac-d%C3%A9c.2019.jpeg?fit=848%2C1200&ssl=1&resize=350%2C200","width":350,"height":200,"srcset":"https:\/\/i0.wp.com\/dominicaineslangeac.fr\/wp-content\/uploads\/2019\/12\/aff.conc_.langeac-d%C3%A9c.2019.jpeg?fit=848%2C1200&ssl=1&resize=350%2C200 1x, https:\/\/i0.wp.com\/dominicaineslangeac.fr\/wp-content\/uploads\/2019\/12\/aff.conc_.langeac-d%C3%A9c.2019.jpeg?fit=848%2C1200&ssl=1&resize=525%2C300 1.5x, https:\/\/i0.wp.com\/dominicaineslangeac.fr\/wp-content\/uploads\/2019\/12\/aff.conc_.langeac-d%C3%A9c.2019.jpeg?fit=848%2C1200&ssl=1&resize=700%2C400 2x"},"classes":[]},{"id":7764,"url":"https:\/\/dominicaineslangeac.fr\/index.php\/2023\/09\/16\/concert-baroque-23-sept-2023\/","url_meta":{"origin":6316,"position":1},"title":"CONCERT BAROQUE &#8211; 23 sept.2023","author":"MONASTERE","date":"16 septembre 2023","format":false,"excerpt":"1623 - 2023 Concert de musique Baroque \u00e0 la Coll\u00e9giale de Langeac Paris 1623 Ecce Ancilla Domini! par l'ensemble Ars Figuralis","rel":"","context":"Dans &quot;Jubil\u00e9 2023&quot;","block_context":{"text":"Jubil\u00e9 2023","link":"https:\/\/dominicaineslangeac.fr\/index.php\/category\/jubile-2023\/"},"img":{"alt_text":"","src":"https:\/\/i0.wp.com\/dominicaineslangeac.fr\/wp-content\/uploads\/2023\/09\/Ars-Figuralis-23-sept-2023-Langeac.jpg?resize=350%2C200&ssl=1","width":350,"height":200,"srcset":"https:\/\/i0.wp.com\/dominicaineslangeac.fr\/wp-content\/uploads\/2023\/09\/Ars-Figuralis-23-sept-2023-Langeac.jpg?resize=350%2C200&ssl=1 1x, https:\/\/i0.wp.com\/dominicaineslangeac.fr\/wp-content\/uploads\/2023\/09\/Ars-Figuralis-23-sept-2023-Langeac.jpg?resize=525%2C300&ssl=1 1.5x"},"classes":[]},{"id":11319,"url":"https:\/\/dominicaineslangeac.fr\/index.php\/2024\/12\/23\/lettre-aux-amis-decembre-2024\/","url_meta":{"origin":6316,"position":2},"title":"Lettre aux amis d\u00e9cembre 2024","author":"MONASTERE","date":"23 d\u00e9cembre 2024","format":false,"excerpt":"Lettre Noe\u0308l 2024 webT\u00e9l\u00e9charger","rel":"","context":"Dans &quot;archives&quot;","block_context":{"text":"archives","link":"https:\/\/dominicaineslangeac.fr\/index.php\/category\/archives\/"},"img":{"alt_text":"","src":"","width":0,"height":0},"classes":[]},{"id":11312,"url":"https:\/\/dominicaineslangeac.fr\/index.php\/2024\/12\/23\/11312\/","url_meta":{"origin":6316,"position":3},"title":"No\u00ebl 2024","author":"MONASTERE","date":"23 d\u00e9cembre 2024","format":false,"excerpt":"No\u00ebl 2024","rel":"","context":"Dans &quot;archives&quot;","block_context":{"text":"archives","link":"https:\/\/dominicaineslangeac.fr\/index.php\/category\/archives\/"},"img":{"alt_text":"","src":"https:\/\/i0.wp.com\/dominicaineslangeac.fr\/wp-content\/uploads\/2024\/12\/Capture-decran-2024-12-22-232246.png?fit=756%2C1052&ssl=1&resize=350%2C200","width":350,"height":200,"srcset":"https:\/\/i0.wp.com\/dominicaineslangeac.fr\/wp-content\/uploads\/2024\/12\/Capture-decran-2024-12-22-232246.png?fit=756%2C1052&ssl=1&resize=350%2C200 1x, https:\/\/i0.wp.com\/dominicaineslangeac.fr\/wp-content\/uploads\/2024\/12\/Capture-decran-2024-12-22-232246.png?fit=756%2C1052&ssl=1&resize=525%2C300 1.5x, https:\/\/i0.wp.com\/dominicaineslangeac.fr\/wp-content\/uploads\/2024\/12\/Capture-decran-2024-12-22-232246.png?fit=756%2C1052&ssl=1&resize=700%2C400 2x"},"classes":[]},{"id":1115,"url":"https:\/\/dominicaineslangeac.fr\/index.php\/2018\/05\/14\/journee-amicale-des-amis-24-juin\/","url_meta":{"origin":6316,"position":4},"title":"Journ\u00e9e Amicale des Amis 24 juin","author":"MONASTERE","date":"14 mai 2018","format":false,"excerpt":"Programme de la journ\u00e9e - Dimanche 24 juin 2018 8h Marche\u00a0 Spirituelle Chanteuges -St Roch - Langeac (7h45 rendez-vous Quai Voltaire\u00a0 \u00e0 Langeac pour covoiturage) 10h30 Accueil au monast\u00e8re 11h00 Eucharistie pr\u00e9sid\u00e9e par le P\u00e8re Emmanuel Dursapt, vicaire g\u00e9n\u00e9ral du dioc\u00e8se, suivie du verre de l'Amiti\u00e9. 12h30 Repas tir\u00e9 du\u2026","rel":"","context":"Dans &quot;Non class\u00e9&quot;","block_context":{"text":"Non class\u00e9","link":"https:\/\/dominicaineslangeac.fr\/index.php\/category\/non-classe\/"},"img":{"alt_text":"","src":"https:\/\/i0.wp.com\/dominicaineslangeac.fr\/wp-content\/uploads\/2018\/05\/clocheton-1.jpg?fit=1200%2C900&ssl=1&resize=350%2C200","width":350,"height":200,"srcset":"https:\/\/i0.wp.com\/dominicaineslangeac.fr\/wp-content\/uploads\/2018\/05\/clocheton-1.jpg?fit=1200%2C900&ssl=1&resize=350%2C200 1x, https:\/\/i0.wp.com\/dominicaineslangeac.fr\/wp-content\/uploads\/2018\/05\/clocheton-1.jpg?fit=1200%2C900&ssl=1&resize=525%2C300 1.5x, https:\/\/i0.wp.com\/dominicaineslangeac.fr\/wp-content\/uploads\/2018\/05\/clocheton-1.jpg?fit=1200%2C900&ssl=1&resize=700%2C400 2x, https:\/\/i0.wp.com\/dominicaineslangeac.fr\/wp-content\/uploads\/2018\/05\/clocheton-1.jpg?fit=1200%2C900&ssl=1&resize=1050%2C600 3x"},"classes":[]},{"id":9790,"url":"https:\/\/dominicaineslangeac.fr\/index.php\/2024\/06\/07\/concert-de-jeunes-talents-le-9-aout-2024\/","url_meta":{"origin":6316,"position":5},"title":"Concert de jeunes talents le 9 ao\u00fbt 2024","author":"MONASTERE","date":"7 juin 2024","format":false,"excerpt":"Concert de jeunes talents, piano et violoncelle. Beethoven,Schubert, Chopin, Debussy et Franck","rel":"","context":"Dans &quot;AAMDL&quot;","block_context":{"text":"AAMDL","link":"https:\/\/dominicaineslangeac.fr\/index.php\/category\/aamdl\/"},"img":{"alt_text":"","src":"https:\/\/i0.wp.com\/dominicaineslangeac.fr\/wp-content\/uploads\/2024\/06\/Web-Reseaux-sociaux.png?fit=1200%2C1200&ssl=1&resize=350%2C200","width":350,"height":200,"srcset":"https:\/\/i0.wp.com\/dominicaineslangeac.fr\/wp-content\/uploads\/2024\/06\/Web-Reseaux-sociaux.png?fit=1200%2C1200&ssl=1&resize=350%2C200 1x, https:\/\/i0.wp.com\/dominicaineslangeac.fr\/wp-content\/uploads\/2024\/06\/Web-Reseaux-sociaux.png?fit=1200%2C1200&ssl=1&resize=525%2C300 1.5x, https:\/\/i0.wp.com\/dominicaineslangeac.fr\/wp-content\/uploads\/2024\/06\/Web-Reseaux-sociaux.png?fit=1200%2C1200&ssl=1&resize=700%2C400 2x, https:\/\/i0.wp.com\/dominicaineslangeac.fr\/wp-content\/uploads\/2024\/06\/Web-Reseaux-sociaux.png?fit=1200%2C1200&ssl=1&resize=1050%2C600 3x"},"classes":[]}],"_links":{"self":[{"href":"https:\/\/dominicaineslangeac.fr\/index.php\/wp-json\/wp\/v2\/posts\/6316","targetHints":{"allow":["GET"]}}],"collection":[{"href":"https:\/\/dominicaineslangeac.fr\/index.php\/wp-json\/wp\/v2\/posts"}],"about":[{"href":"https:\/\/dominicaineslangeac.fr\/index.php\/wp-json\/wp\/v2\/types\/post"}],"author":[{"embeddable":true,"href":"https:\/\/dominicaineslangeac.fr\/index.php\/wp-json\/wp\/v2\/users\/2"}],"replies":[{"embeddable":true,"href":"https:\/\/dominicaineslangeac.fr\/index.php\/wp-json\/wp\/v2\/comments?post=6316"}],"version-history":[{"count":8,"href":"https:\/\/dominicaineslangeac.fr\/index.php\/wp-json\/wp\/v2\/posts\/6316\/revisions"}],"predecessor-version":[{"id":6337,"href":"https:\/\/dominicaineslangeac.fr\/index.php\/wp-json\/wp\/v2\/posts\/6316\/revisions\/6337"}],"wp:attachment":[{"href":"https:\/\/dominicaineslangeac.fr\/index.php\/wp-json\/wp\/v2\/media?parent=6316"}],"wp:term":[{"taxonomy":"category","embeddable":true,"href":"https:\/\/dominicaineslangeac.fr\/index.php\/wp-json\/wp\/v2\/categories?post=6316"},{"taxonomy":"post_tag","embeddable":true,"href":"https:\/\/dominicaineslangeac.fr\/index.php\/wp-json\/wp\/v2\/tags?post=6316"}],"curies":[{"name":"wp","href":"https:\/\/api.w.org\/{rel}","templated":true}]}}