{"id":6100,"date":"2022-11-06T16:32:21","date_gmt":"2022-11-06T15:32:21","guid":{"rendered":"http:\/\/dominicaineslangeac.fr\/?p=6100"},"modified":"2023-04-02T14:49:05","modified_gmt":"2023-04-02T13:49:05","slug":"pause-au-monastere-we-jeunes-quetes-vous-alles-voir-au-desert","status":"publish","type":"post","link":"https:\/\/dominicaineslangeac.fr\/index.php\/2022\/11\/06\/pause-au-monastere-we-jeunes-quetes-vous-alles-voir-au-desert\/","title":{"rendered":"Pause au monast\u00e8re: WE jeunes.\u00a0\u00bbQu&rsquo;\u00eates-vous all\u00e9s voir au d\u00e9sert?\u00a0\u00bb"},"content":{"rendered":"\n<p class=\"has-medium-font-size\"><\/p>\n\n\n\n<figure class=\"wp-block-image size-large\"><img data-recalc-dims=\"1\" loading=\"lazy\" decoding=\"async\" width=\"700\" height=\"989\" data-attachment-id=\"6118\" data-permalink=\"https:\/\/dominicaineslangeac.fr\/affiche_pausemonsatere-langeac_2022-4\/\" data-orig-file=\"https:\/\/i0.wp.com\/dominicaineslangeac.fr\/wp-content\/uploads\/2022\/11\/Affiche_PauseMonsatere-Langeac_2022.png?fit=1123%2C1587&amp;ssl=1\" data-orig-size=\"1123,1587\" data-comments-opened=\"0\" data-image-meta=\"{&quot;aperture&quot;:&quot;0&quot;,&quot;credit&quot;:&quot;&quot;,&quot;camera&quot;:&quot;&quot;,&quot;caption&quot;:&quot;&quot;,&quot;created_timestamp&quot;:&quot;0&quot;,&quot;copyright&quot;:&quot;&quot;,&quot;focal_length&quot;:&quot;0&quot;,&quot;iso&quot;:&quot;0&quot;,&quot;shutter_speed&quot;:&quot;0&quot;,&quot;title&quot;:&quot;&quot;,&quot;orientation&quot;:&quot;0&quot;}\" data-image-title=\"Affiche_PauseMonsat\u00e8re Langeac_2022\" data-image-description=\"\" data-image-caption=\"\" data-large-file=\"https:\/\/i0.wp.com\/dominicaineslangeac.fr\/wp-content\/uploads\/2022\/11\/Affiche_PauseMonsatere-Langeac_2022.png?fit=700%2C989&amp;ssl=1\" src=\"https:\/\/i0.wp.com\/dominicaineslangeac.fr\/wp-content\/uploads\/2022\/11\/Affiche_PauseMonsatere-Langeac_2022-700x989.png?resize=700%2C989\" alt=\"\" class=\"wp-image-6118\" srcset=\"https:\/\/i0.wp.com\/dominicaineslangeac.fr\/wp-content\/uploads\/2022\/11\/Affiche_PauseMonsatere-Langeac_2022.png?resize=700%2C989&amp;ssl=1 700w, https:\/\/i0.wp.com\/dominicaineslangeac.fr\/wp-content\/uploads\/2022\/11\/Affiche_PauseMonsatere-Langeac_2022.png?resize=212%2C300&amp;ssl=1 212w, https:\/\/i0.wp.com\/dominicaineslangeac.fr\/wp-content\/uploads\/2022\/11\/Affiche_PauseMonsatere-Langeac_2022.png?resize=768%2C1085&amp;ssl=1 768w, https:\/\/i0.wp.com\/dominicaineslangeac.fr\/wp-content\/uploads\/2022\/11\/Affiche_PauseMonsatere-Langeac_2022.png?resize=1087%2C1536&amp;ssl=1 1087w, https:\/\/i0.wp.com\/dominicaineslangeac.fr\/wp-content\/uploads\/2022\/11\/Affiche_PauseMonsatere-Langeac_2022.png?w=1123&amp;ssl=1 1123w\" sizes=\"auto, (max-width: 700px) 100vw, 700px\" \/><\/figure>\n\n\n\n<p><\/p>\n\n\n\n<figure class=\"wp-block-image size-large\"><img data-recalc-dims=\"1\" height=\"989\" width=\"700\" decoding=\"async\" src=\"https:\/\/i0.wp.com\/dominicaineslangeac.fr\/wp-content\/uploads\/2022\/11\/Affiche_PauseMonsatere-Langeac_2022-1-pdf-700x989.jpg?resize=700%2C989\" alt=\"\" class=\"wp-image-6109\"\/><figcaption>Journ\u00e9e Monastique<\/figcaption><\/figure>\n\n\n\n<p>Une pause d\u2019Avent \u00e0 l\u2019\u00e9cart pour pr\u00e9parer la venue du Seigneur. Voir &nbsp;<a href=\"https:\/\/youtu.be\/vbdxd9S2ir0\">https:\/\/youtu.be\/vbdxd9S2ir0<\/a><\/p>\n\n\n\n<p>Nous proposons un temps de d\u00e9couverte de la vie monastique au monast\u00e8re Sainte Catherine de Sienne.<\/p>\n\n\n\n<p>Au programme&nbsp;: Partage de la vie de la communaut\u00e9 au rythme de la pri\u00e8re des heures, du silence, de la lectio divina, et de la d\u00e9couverte de la figure de la Bienheureuse Agn\u00e8s de Langeac. Possibilit\u00e9 d\u2019une rencontre individuelle avec une s\u0153ur si on le d\u00e9sire.<\/p>\n\n\n\n<p>Ce week-end pour les 18-35 ans d\u00e9marrera le samedi vers 10h et se terminera le dimanche apr\u00e8s-midi.<\/p>\n\n\n\n<p>Une arriv\u00e9e le vendredi soir est possible.&nbsp;Que les frais de participation ne soient pas un emp\u00eachement.<\/p>\n\n\n\n<figure class=\"wp-block-image size-large\"><img data-recalc-dims=\"1\" height=\"990\" width=\"700\" decoding=\"async\" src=\"https:\/\/i0.wp.com\/dominicaineslangeac.fr\/wp-content\/uploads\/2022\/11\/Pause-au-monastere-2022-image-700x990.png?resize=700%2C990\" alt=\"\" class=\"wp-image-6106\"\/><\/figure>\n\n\n\n<p><\/p>\n\n\n<div class=\"taxonomy-post_tag wp-block-post-terms\"><a href=\"https:\/\/dominicaineslangeac.fr\/index.php\/tag\/we-jeunes\/\" rel=\"tag\">we jeunes<\/a><\/div>","protected":false},"excerpt":{"rendered":"<p>Une pause d\u2019Avent \u00e0 l\u2019\u00e9cart pour pr\u00e9parer la venue du Seigneur. Voir &nbsp;https:\/\/youtu.be\/vbdxd9S2ir0 Nous proposons un temps de d\u00e9couverte de la vie monastique au monast\u00e8re Sainte Catherine de Sienne. Au programme&nbsp;: Partage de la vie de la communaut\u00e9 au rythme de la pri\u00e8re des heures, du silence, de la lectio divina, et de la d\u00e9couverte [&hellip;]<\/p>\n","protected":false},"author":2,"featured_media":6118,"comment_status":"closed","ping_status":"closed","sticky":false,"template":"","format":"standard","meta":{"advanced_seo_description":"","jetpack_seo_html_title":"","jetpack_seo_noindex":false,"jetpack_post_was_ever_published":false,"_jetpack_newsletter_access":"","_jetpack_dont_email_post_to_subs":false,"_jetpack_newsletter_tier_id":0,"_jetpack_memberships_contains_paywalled_content":false,"_jetpack_memberships_contains_paid_content":false,"footnotes":"","jetpack_publicize_message":"","jetpack_publicize_feature_enabled":true,"jetpack_social_post_already_shared":true,"jetpack_social_options":{"image_generator_settings":{"template":"highway","default_image_id":0,"font":"","enabled":false},"version":2}},"categories":[27],"tags":[23],"class_list":{"0":"post-6100","1":"post","2":"type-post","3":"status-publish","4":"format-standard","5":"has-post-thumbnail","7":"category-archives","8":"tag-we-jeunes","9":"czr-hentry"},"jetpack_publicize_connections":[],"jetpack_featured_media_url":"https:\/\/i0.wp.com\/dominicaineslangeac.fr\/wp-content\/uploads\/2022\/11\/Affiche_PauseMonsatere-Langeac_2022.png?fit=1123%2C1587&ssl=1","jetpack_sharing_enabled":true,"jetpack_shortlink":"https:\/\/wp.me\/p7P1cC-1Ao","jetpack-related-posts":[{"id":20193,"url":"https:\/\/dominicaineslangeac.fr\/index.php\/2026\/04\/12\/we-decouverte-de-la-vie-monastique-dominicaine-20-22-fevrier-et-17-19-avril-2026\/","url_meta":{"origin":6100,"position":0},"title":"WE d\u00e9couverte de la vie monastique dominicaine: 17-19 avril 2026","author":"MONASTERE","date":"12 avril 2026","format":false,"excerpt":"WE d\u00e9couverte de la vie monastique dominicaine 17-19 avril 2026","rel":"","context":"Dans &quot;Actualit\u00e9s&quot;","block_context":{"text":"Actualit\u00e9s","link":"https:\/\/dominicaineslangeac.fr\/index.php\/category\/actualites\/"},"img":{"alt_text":"","src":"https:\/\/i0.wp.com\/dominicaineslangeac.fr\/wp-content\/uploads\/2026\/01\/Capture-decran-2026-01-19-183544.png?fit=830%2C601&ssl=1&resize=350%2C200","width":350,"height":200,"srcset":"https:\/\/i0.wp.com\/dominicaineslangeac.fr\/wp-content\/uploads\/2026\/01\/Capture-decran-2026-01-19-183544.png?fit=830%2C601&ssl=1&resize=350%2C200 1x, https:\/\/i0.wp.com\/dominicaineslangeac.fr\/wp-content\/uploads\/2026\/01\/Capture-decran-2026-01-19-183544.png?fit=830%2C601&ssl=1&resize=525%2C300 1.5x, https:\/\/i0.wp.com\/dominicaineslangeac.fr\/wp-content\/uploads\/2026\/01\/Capture-decran-2026-01-19-183544.png?fit=830%2C601&ssl=1&resize=700%2C400 2x"},"classes":[]},{"id":19758,"url":"https:\/\/dominicaineslangeac.fr\/index.php\/2025\/10\/27\/pause-au-monastere-2025-2026\/","url_meta":{"origin":6100,"position":1},"title":"Pause au monast\u00e8re 2025\/2026","author":"MONASTERE","date":"27 octobre 2025","format":false,"excerpt":"WE pause au monast\u00e8re 20-35 ans un temps \u00e0 votre convenance.","rel":"","context":"Dans &quot;Actualit\u00e9s&quot;","block_context":{"text":"Actualit\u00e9s","link":"https:\/\/dominicaineslangeac.fr\/index.php\/category\/actualites\/"},"img":{"alt_text":"","src":"https:\/\/i0.wp.com\/dominicaineslangeac.fr\/wp-content\/uploads\/2025\/10\/Pause-au-monastere-2025-2026.jpg?fit=848%2C1200&ssl=1&resize=350%2C200","width":350,"height":200,"srcset":"https:\/\/i0.wp.com\/dominicaineslangeac.fr\/wp-content\/uploads\/2025\/10\/Pause-au-monastere-2025-2026.jpg?fit=848%2C1200&ssl=1&resize=350%2C200 1x, https:\/\/i0.wp.com\/dominicaineslangeac.fr\/wp-content\/uploads\/2025\/10\/Pause-au-monastere-2025-2026.jpg?fit=848%2C1200&ssl=1&resize=525%2C300 1.5x, https:\/\/i0.wp.com\/dominicaineslangeac.fr\/wp-content\/uploads\/2025\/10\/Pause-au-monastere-2025-2026.jpg?fit=848%2C1200&ssl=1&resize=700%2C400 2x"},"classes":[]},{"id":4834,"url":"https:\/\/dominicaineslangeac.fr\/index.php\/2021\/11\/14\/jeunes-de-18-a-35-ans\/","url_meta":{"origin":6100,"position":2},"title":"jeunes de 18 \u00e0 35 ans","author":"MONASTERE","date":"14 novembre 2021","format":false,"excerpt":"Durant l'Avent vivre une exp\u00e9rience de vie monastique \u00e0 Langeac","rel":"","context":"Dans &quot;Non class\u00e9&quot;","block_context":{"text":"Non class\u00e9","link":"https:\/\/dominicaineslangeac.fr\/index.php\/category\/non-classe\/"},"img":{"alt_text":"","src":"https:\/\/i0.wp.com\/dominicaineslangeac.fr\/wp-content\/uploads\/2019\/11\/tabernacle-scaled.jpg?fit=674%2C1200&ssl=1&resize=350%2C200","width":350,"height":200,"srcset":"https:\/\/i0.wp.com\/dominicaineslangeac.fr\/wp-content\/uploads\/2019\/11\/tabernacle-scaled.jpg?fit=674%2C1200&ssl=1&resize=350%2C200 1x, https:\/\/i0.wp.com\/dominicaineslangeac.fr\/wp-content\/uploads\/2019\/11\/tabernacle-scaled.jpg?fit=674%2C1200&ssl=1&resize=525%2C300 1.5x"},"classes":[]},{"id":3862,"url":"https:\/\/dominicaineslangeac.fr\/index.php\/2020\/12\/26\/priere-pour-lunite\/","url_meta":{"origin":6100,"position":3},"title":"Pri\u00e8re Pour l&rsquo;unit\u00e9","author":"MONASTERE","date":"26 d\u00e9cembre 2020","format":false,"excerpt":"samedi 23 janvier \u00e0 14h chapelle du monast\u00e8re Pri\u00e8re pr\u00e9par\u00e9e par la communaut\u00e9 monastique de Grandchamp Th\u00e8me 2021 : Demeurez dans mon amour et vous porterez du fruit en abondanceJean 15,1-17","rel":"","context":"Dans &quot;Non class\u00e9&quot;","block_context":{"text":"Non class\u00e9","link":"https:\/\/dominicaineslangeac.fr\/index.php\/category\/non-classe\/"},"img":{"alt_text":"","src":"https:\/\/i0.wp.com\/dominicaineslangeac.fr\/wp-content\/uploads\/2020\/12\/affiche-unite.jpg?fit=226%2C320&ssl=1&resize=350%2C200","width":350,"height":200},"classes":[]},{"id":7330,"url":"https:\/\/dominicaineslangeac.fr\/index.php\/2023\/06\/27\/colloque-historique-22-23-septembre-2023\/","url_meta":{"origin":6100,"position":4},"title":"COLLOQUE HISTORIQUE 22-23 septembre 2023","author":"MONASTERE","date":"27 juin 2023","format":false,"excerpt":"Colloque Historique , les 400 ans du monast\u00e8re de dominicaines de Langeac 1623-2023","rel":"","context":"Dans &quot;Jubil\u00e9 2023&quot;","block_context":{"text":"Jubil\u00e9 2023","link":"https:\/\/dominicaineslangeac.fr\/index.php\/category\/jubile-2023\/"},"img":{"alt_text":"","src":"https:\/\/i0.wp.com\/dominicaineslangeac.fr\/wp-content\/uploads\/2023\/06\/colonne-seule-scaled.jpg?fit=214%2C1200&ssl=1&resize=350%2C200","width":350,"height":200},"classes":[]},{"id":1115,"url":"https:\/\/dominicaineslangeac.fr\/index.php\/2018\/05\/14\/journee-amicale-des-amis-24-juin\/","url_meta":{"origin":6100,"position":5},"title":"Journ\u00e9e Amicale des Amis 24 juin","author":"MONASTERE","date":"14 mai 2018","format":false,"excerpt":"Programme de la journ\u00e9e - Dimanche 24 juin 2018 8h Marche\u00a0 Spirituelle Chanteuges -St Roch - Langeac (7h45 rendez-vous Quai Voltaire\u00a0 \u00e0 Langeac pour covoiturage) 10h30 Accueil au monast\u00e8re 11h00 Eucharistie pr\u00e9sid\u00e9e par le P\u00e8re Emmanuel Dursapt, vicaire g\u00e9n\u00e9ral du dioc\u00e8se, suivie du verre de l'Amiti\u00e9. 12h30 Repas tir\u00e9 du\u2026","rel":"","context":"Dans &quot;Non class\u00e9&quot;","block_context":{"text":"Non class\u00e9","link":"https:\/\/dominicaineslangeac.fr\/index.php\/category\/non-classe\/"},"img":{"alt_text":"","src":"https:\/\/i0.wp.com\/dominicaineslangeac.fr\/wp-content\/uploads\/2018\/05\/clocheton-1.jpg?fit=1200%2C900&ssl=1&resize=350%2C200","width":350,"height":200,"srcset":"https:\/\/i0.wp.com\/dominicaineslangeac.fr\/wp-content\/uploads\/2018\/05\/clocheton-1.jpg?fit=1200%2C900&ssl=1&resize=350%2C200 1x, https:\/\/i0.wp.com\/dominicaineslangeac.fr\/wp-content\/uploads\/2018\/05\/clocheton-1.jpg?fit=1200%2C900&ssl=1&resize=525%2C300 1.5x, https:\/\/i0.wp.com\/dominicaineslangeac.fr\/wp-content\/uploads\/2018\/05\/clocheton-1.jpg?fit=1200%2C900&ssl=1&resize=700%2C400 2x, https:\/\/i0.wp.com\/dominicaineslangeac.fr\/wp-content\/uploads\/2018\/05\/clocheton-1.jpg?fit=1200%2C900&ssl=1&resize=1050%2C600 3x"},"classes":[]}],"_links":{"self":[{"href":"https:\/\/dominicaineslangeac.fr\/index.php\/wp-json\/wp\/v2\/posts\/6100","targetHints":{"allow":["GET"]}}],"collection":[{"href":"https:\/\/dominicaineslangeac.fr\/index.php\/wp-json\/wp\/v2\/posts"}],"about":[{"href":"https:\/\/dominicaineslangeac.fr\/index.php\/wp-json\/wp\/v2\/types\/post"}],"author":[{"embeddable":true,"href":"https:\/\/dominicaineslangeac.fr\/index.php\/wp-json\/wp\/v2\/users\/2"}],"replies":[{"embeddable":true,"href":"https:\/\/dominicaineslangeac.fr\/index.php\/wp-json\/wp\/v2\/comments?post=6100"}],"version-history":[{"count":10,"href":"https:\/\/dominicaineslangeac.fr\/index.php\/wp-json\/wp\/v2\/posts\/6100\/revisions"}],"predecessor-version":[{"id":6895,"href":"https:\/\/dominicaineslangeac.fr\/index.php\/wp-json\/wp\/v2\/posts\/6100\/revisions\/6895"}],"wp:featuredmedia":[{"embeddable":true,"href":"https:\/\/dominicaineslangeac.fr\/index.php\/wp-json\/wp\/v2\/media\/6118"}],"wp:attachment":[{"href":"https:\/\/dominicaineslangeac.fr\/index.php\/wp-json\/wp\/v2\/media?parent=6100"}],"wp:term":[{"taxonomy":"category","embeddable":true,"href":"https:\/\/dominicaineslangeac.fr\/index.php\/wp-json\/wp\/v2\/categories?post=6100"},{"taxonomy":"post_tag","embeddable":true,"href":"https:\/\/dominicaineslangeac.fr\/index.php\/wp-json\/wp\/v2\/tags?post=6100"}],"curies":[{"name":"wp","href":"https:\/\/api.w.org\/{rel}","templated":true}]}}