{"id":20193,"date":"2026-04-12T14:04:23","date_gmt":"2026-04-12T13:04:23","guid":{"rendered":"https:\/\/dominicaineslangeac.fr\/?p=20193"},"modified":"2026-04-12T14:11:57","modified_gmt":"2026-04-12T13:11:57","slug":"we-decouverte-de-la-vie-monastique-dominicaine-20-22-fevrier-et-17-19-avril-2026","status":"publish","type":"post","link":"https:\/\/dominicaineslangeac.fr\/index.php\/2026\/04\/12\/we-decouverte-de-la-vie-monastique-dominicaine-20-22-fevrier-et-17-19-avril-2026\/","title":{"rendered":"WE d\u00e9couverte de la vie monastique dominicaine: 17-19 avril 2026"},"content":{"rendered":"\n<figure class=\"wp-block-image size-full\"><img data-recalc-dims=\"1\" loading=\"lazy\" decoding=\"async\" width=\"649\" height=\"913\" data-attachment-id=\"20188\" data-permalink=\"https:\/\/dominicaineslangeac.fr\/capture-decran-2026-01-19-145332\/\" data-orig-file=\"https:\/\/i0.wp.com\/dominicaineslangeac.fr\/wp-content\/uploads\/2026\/01\/Capture-decran-2026-01-19-145332.png?fit=649%2C913&amp;ssl=1\" data-orig-size=\"649,913\" data-comments-opened=\"0\" data-image-meta=\"{&quot;aperture&quot;:&quot;0&quot;,&quot;credit&quot;:&quot;&quot;,&quot;camera&quot;:&quot;&quot;,&quot;caption&quot;:&quot;&quot;,&quot;created_timestamp&quot;:&quot;0&quot;,&quot;copyright&quot;:&quot;&quot;,&quot;focal_length&quot;:&quot;0&quot;,&quot;iso&quot;:&quot;0&quot;,&quot;shutter_speed&quot;:&quot;0&quot;,&quot;title&quot;:&quot;&quot;,&quot;orientation&quot;:&quot;0&quot;}\" data-image-title=\"Capture d&amp;rsquo;\u00e9cran 2026-01-19 145332\" data-image-description=\"\" data-image-caption=\"&lt;p&gt;WE d\u00e9couverte de la vie monastique dominicaine&lt;br \/&gt;\n20-22 f\u00e9vrier 2026&lt;\/p&gt;\n\" data-large-file=\"https:\/\/i0.wp.com\/dominicaineslangeac.fr\/wp-content\/uploads\/2026\/01\/Capture-decran-2026-01-19-145332.png?fit=649%2C913&amp;ssl=1\" src=\"https:\/\/i0.wp.com\/dominicaineslangeac.fr\/wp-content\/uploads\/2026\/01\/Capture-decran-2026-01-19-145332.png?resize=649%2C913&#038;ssl=1\" alt=\"\" class=\"wp-image-20188\" srcset=\"https:\/\/i0.wp.com\/dominicaineslangeac.fr\/wp-content\/uploads\/2026\/01\/Capture-decran-2026-01-19-145332.png?w=649&amp;ssl=1 649w, https:\/\/i0.wp.com\/dominicaineslangeac.fr\/wp-content\/uploads\/2026\/01\/Capture-decran-2026-01-19-145332.png?resize=213%2C300&amp;ssl=1 213w\" sizes=\"auto, (max-width: 649px) 100vw, 649px\" \/><\/figure>\n\n\n\n<figure class=\"wp-block-image size-full\"><img data-recalc-dims=\"1\" loading=\"lazy\" decoding=\"async\" width=\"648\" height=\"914\" data-attachment-id=\"20189\" data-permalink=\"https:\/\/dominicaineslangeac.fr\/capture-decran-2026-01-19-145409\/\" data-orig-file=\"https:\/\/i0.wp.com\/dominicaineslangeac.fr\/wp-content\/uploads\/2026\/01\/Capture-decran-2026-01-19-145409.png?fit=648%2C914&amp;ssl=1\" data-orig-size=\"648,914\" data-comments-opened=\"0\" data-image-meta=\"{&quot;aperture&quot;:&quot;0&quot;,&quot;credit&quot;:&quot;&quot;,&quot;camera&quot;:&quot;&quot;,&quot;caption&quot;:&quot;&quot;,&quot;created_timestamp&quot;:&quot;0&quot;,&quot;copyright&quot;:&quot;&quot;,&quot;focal_length&quot;:&quot;0&quot;,&quot;iso&quot;:&quot;0&quot;,&quot;shutter_speed&quot;:&quot;0&quot;,&quot;title&quot;:&quot;&quot;,&quot;orientation&quot;:&quot;0&quot;}\" data-image-title=\"Capture d&amp;rsquo;\u00e9cran 2026-01-19 145409\" data-image-description=\"\" data-image-caption=\"\" data-large-file=\"https:\/\/i0.wp.com\/dominicaineslangeac.fr\/wp-content\/uploads\/2026\/01\/Capture-decran-2026-01-19-145409.png?fit=648%2C914&amp;ssl=1\" src=\"https:\/\/i0.wp.com\/dominicaineslangeac.fr\/wp-content\/uploads\/2026\/01\/Capture-decran-2026-01-19-145409.png?resize=648%2C914&#038;ssl=1\" alt=\"\" class=\"wp-image-20189\" srcset=\"https:\/\/i0.wp.com\/dominicaineslangeac.fr\/wp-content\/uploads\/2026\/01\/Capture-decran-2026-01-19-145409.png?w=648&amp;ssl=1 648w, https:\/\/i0.wp.com\/dominicaineslangeac.fr\/wp-content\/uploads\/2026\/01\/Capture-decran-2026-01-19-145409.png?resize=213%2C300&amp;ssl=1 213w\" sizes=\"auto, (max-width: 648px) 100vw, 648px\" \/><\/figure>\n","protected":false},"excerpt":{"rendered":"<p>WE d\u00e9couverte de la vie monastique dominicaine<br \/>\n 17-19 avril 2026<\/p>\n","protected":false},"author":2,"featured_media":20196,"comment_status":"closed","ping_status":"closed","sticky":false,"template":"","format":"standard","meta":{"advanced_seo_description":"du 18 au 19 avril, d\u00e9couvrir la vie monastique avec la communaut\u00e9 des dominicaines de Langeac","jetpack_seo_html_title":"WE d\u00e9couverte, monast\u00e8re des dominicaines de Langeac","jetpack_seo_noindex":false,"jetpack_post_was_ever_published":false,"_jetpack_newsletter_access":"","_jetpack_dont_email_post_to_subs":false,"_jetpack_newsletter_tier_id":0,"_jetpack_memberships_contains_paywalled_content":false,"_jetpack_memberships_contains_paid_content":false,"footnotes":"","jetpack_publicize_message":"","jetpack_publicize_feature_enabled":true,"jetpack_social_post_already_shared":true,"jetpack_social_options":{"image_generator_settings":{"template":"highway","default_image_id":0,"font":"","enabled":false},"version":2}},"categories":[3,108,2],"tags":[113,114,88],"class_list":{"0":"post-20193","1":"post","2":"type-post","3":"status-publish","4":"format-standard","5":"has-post-thumbnail","7":"category-actualites","8":"category-page-jeunes","9":"category-une","10":"tag-vie-dominicaine","11":"tag-we-decouverte","12":"tag-we-vie-monastique","13":"czr-hentry"},"jetpack_publicize_connections":[],"jetpack_featured_media_url":"https:\/\/i0.wp.com\/dominicaineslangeac.fr\/wp-content\/uploads\/2026\/01\/Capture-decran-2026-01-19-183544.png?fit=830%2C601&ssl=1","jetpack_sharing_enabled":true,"jetpack_shortlink":"https:\/\/wp.me\/p7P1cC-5fH","jetpack-related-posts":[{"id":6100,"url":"https:\/\/dominicaineslangeac.fr\/index.php\/2022\/11\/06\/pause-au-monastere-we-jeunes-quetes-vous-alles-voir-au-desert\/","url_meta":{"origin":20193,"position":0},"title":"Pause au monast\u00e8re: WE jeunes.\u00a0\u00bbQu&rsquo;\u00eates-vous all\u00e9s voir au d\u00e9sert?\u00a0\u00bb","author":"MONASTERE","date":"6 novembre 2022","format":false,"excerpt":"Journ\u00e9e Monastique Une pause d\u2019Avent \u00e0 l\u2019\u00e9cart pour pr\u00e9parer la venue du Seigneur. Voir \u00a0https:\/\/youtu.be\/vbdxd9S2ir0 Nous proposons un temps de d\u00e9couverte de la vie monastique au monast\u00e8re Sainte Catherine de Sienne. Au programme\u00a0: Partage de la vie de la communaut\u00e9 au rythme de la pri\u00e8re des heures, du silence, de\u2026","rel":"","context":"Dans &quot;archives&quot;","block_context":{"text":"archives","link":"https:\/\/dominicaineslangeac.fr\/index.php\/category\/archives\/"},"img":{"alt_text":"","src":"https:\/\/i0.wp.com\/dominicaineslangeac.fr\/wp-content\/uploads\/2022\/11\/Affiche_PauseMonsatere-Langeac_2022.png?fit=849%2C1200&ssl=1&resize=350%2C200","width":350,"height":200,"srcset":"https:\/\/i0.wp.com\/dominicaineslangeac.fr\/wp-content\/uploads\/2022\/11\/Affiche_PauseMonsatere-Langeac_2022.png?fit=849%2C1200&ssl=1&resize=350%2C200 1x, https:\/\/i0.wp.com\/dominicaineslangeac.fr\/wp-content\/uploads\/2022\/11\/Affiche_PauseMonsatere-Langeac_2022.png?fit=849%2C1200&ssl=1&resize=525%2C300 1.5x, https:\/\/i0.wp.com\/dominicaineslangeac.fr\/wp-content\/uploads\/2022\/11\/Affiche_PauseMonsatere-Langeac_2022.png?fit=849%2C1200&ssl=1&resize=700%2C400 2x"},"classes":[]},{"id":1115,"url":"https:\/\/dominicaineslangeac.fr\/index.php\/2018\/05\/14\/journee-amicale-des-amis-24-juin\/","url_meta":{"origin":20193,"position":1},"title":"Journ\u00e9e Amicale des Amis 24 juin","author":"MONASTERE","date":"14 mai 2018","format":false,"excerpt":"Programme de la journ\u00e9e - Dimanche 24 juin 2018 8h Marche\u00a0 Spirituelle Chanteuges -St Roch - Langeac (7h45 rendez-vous Quai Voltaire\u00a0 \u00e0 Langeac pour covoiturage) 10h30 Accueil au monast\u00e8re 11h00 Eucharistie pr\u00e9sid\u00e9e par le P\u00e8re Emmanuel Dursapt, vicaire g\u00e9n\u00e9ral du dioc\u00e8se, suivie du verre de l'Amiti\u00e9. 12h30 Repas tir\u00e9 du\u2026","rel":"","context":"Dans &quot;Non class\u00e9&quot;","block_context":{"text":"Non class\u00e9","link":"https:\/\/dominicaineslangeac.fr\/index.php\/category\/non-classe\/"},"img":{"alt_text":"","src":"https:\/\/i0.wp.com\/dominicaineslangeac.fr\/wp-content\/uploads\/2018\/05\/clocheton-1.jpg?fit=1200%2C900&ssl=1&resize=350%2C200","width":350,"height":200,"srcset":"https:\/\/i0.wp.com\/dominicaineslangeac.fr\/wp-content\/uploads\/2018\/05\/clocheton-1.jpg?fit=1200%2C900&ssl=1&resize=350%2C200 1x, https:\/\/i0.wp.com\/dominicaineslangeac.fr\/wp-content\/uploads\/2018\/05\/clocheton-1.jpg?fit=1200%2C900&ssl=1&resize=525%2C300 1.5x, https:\/\/i0.wp.com\/dominicaineslangeac.fr\/wp-content\/uploads\/2018\/05\/clocheton-1.jpg?fit=1200%2C900&ssl=1&resize=700%2C400 2x, https:\/\/i0.wp.com\/dominicaineslangeac.fr\/wp-content\/uploads\/2018\/05\/clocheton-1.jpg?fit=1200%2C900&ssl=1&resize=1050%2C600 3x"},"classes":[]},{"id":4834,"url":"https:\/\/dominicaineslangeac.fr\/index.php\/2021\/11\/14\/jeunes-de-18-a-35-ans\/","url_meta":{"origin":20193,"position":2},"title":"jeunes de 18 \u00e0 35 ans","author":"MONASTERE","date":"14 novembre 2021","format":false,"excerpt":"Durant l'Avent vivre une exp\u00e9rience de vie monastique \u00e0 Langeac","rel":"","context":"Dans &quot;Non class\u00e9&quot;","block_context":{"text":"Non class\u00e9","link":"https:\/\/dominicaineslangeac.fr\/index.php\/category\/non-classe\/"},"img":{"alt_text":"","src":"https:\/\/i0.wp.com\/dominicaineslangeac.fr\/wp-content\/uploads\/2019\/11\/tabernacle-scaled.jpg?fit=674%2C1200&ssl=1&resize=350%2C200","width":350,"height":200,"srcset":"https:\/\/i0.wp.com\/dominicaineslangeac.fr\/wp-content\/uploads\/2019\/11\/tabernacle-scaled.jpg?fit=674%2C1200&ssl=1&resize=350%2C200 1x, https:\/\/i0.wp.com\/dominicaineslangeac.fr\/wp-content\/uploads\/2019\/11\/tabernacle-scaled.jpg?fit=674%2C1200&ssl=1&resize=525%2C300 1.5x"},"classes":[]},{"id":3862,"url":"https:\/\/dominicaineslangeac.fr\/index.php\/2020\/12\/26\/priere-pour-lunite\/","url_meta":{"origin":20193,"position":3},"title":"Pri\u00e8re Pour l&rsquo;unit\u00e9","author":"MONASTERE","date":"26 d\u00e9cembre 2020","format":false,"excerpt":"samedi 23 janvier \u00e0 14h chapelle du monast\u00e8re Pri\u00e8re pr\u00e9par\u00e9e par la communaut\u00e9 monastique de Grandchamp Th\u00e8me 2021 : Demeurez dans mon amour et vous porterez du fruit en abondanceJean 15,1-17","rel":"","context":"Dans &quot;Non class\u00e9&quot;","block_context":{"text":"Non class\u00e9","link":"https:\/\/dominicaineslangeac.fr\/index.php\/category\/non-classe\/"},"img":{"alt_text":"","src":"https:\/\/i0.wp.com\/dominicaineslangeac.fr\/wp-content\/uploads\/2020\/12\/affiche-unite.jpg?fit=226%2C320&ssl=1&resize=350%2C200","width":350,"height":200},"classes":[]},{"id":7139,"url":"https:\/\/dominicaineslangeac.fr\/index.php\/2023\/05\/19\/26-27-aout-we-des-familles-celebrer-la-vie\/","url_meta":{"origin":20193,"position":4},"title":"26-27 ao\u00fbt WE des familles \u00ab\u00a0C\u00e9l\u00e9brer la Vie\u00a0\u00bb","author":"MONASTERE","date":"19 mai 2023","format":false,"excerpt":"WE des familles au monast\u00e8re sur le th\u00e8me \"C\u00e9l\u00e9brer la Vie avec le fr\u00e8re Fran\u00e7ois Dominique Forquin,op et le groupe Talita Koum.","rel":"","context":"Dans &quot;AAMDL&quot;","block_context":{"text":"AAMDL","link":"https:\/\/dominicaineslangeac.fr\/index.php\/category\/aamdl\/"},"img":{"alt_text":"","src":"https:\/\/i0.wp.com\/dominicaineslangeac.fr\/wp-content\/uploads\/2023\/05\/Flyer.png?fit=437%2C613&ssl=1&resize=350%2C200","width":350,"height":200},"classes":[]},{"id":3362,"url":"https:\/\/dominicaineslangeac.fr\/index.php\/2020\/07\/19\/saint-dominique-2020\/","url_meta":{"origin":20193,"position":5},"title":"hom\u00e9lie Saint Dominique","author":"MONASTERE","date":"19 juillet 2020","format":false,"excerpt":"Eucharistie \u00e0 10h30, pr\u00e9dication du fr\u00e8re R\u00e9ginald Baconin dominicain (Evangile Luc 10, 1-9) Saint Beno\u00eet nous a laiss\u00e9 une r\u00e8gle monastique profonde et belle, qui m\u00e9rite d\u2019\u00eatre m\u00e9dit\u00e9e encore et encore, saint Fran\u00e7ois \u00e9galement, nous a l\u00e9gu\u00e9 une \u0153uvre de grande valeur avec ses lettres, sa r\u00e8gle primitive des fr\u00e8res\u2026","rel":"","context":"Dans &quot;Non class\u00e9&quot;","block_context":{"text":"Non class\u00e9","link":"https:\/\/dominicaineslangeac.fr\/index.php\/category\/non-classe\/"},"img":{"alt_text":"","src":"https:\/\/i0.wp.com\/dominicaineslangeac.fr\/wp-content\/uploads\/2017\/02\/ste-predication-rouge-red.jpg?resize=350%2C200&ssl=1","width":350,"height":200,"srcset":"https:\/\/i0.wp.com\/dominicaineslangeac.fr\/wp-content\/uploads\/2017\/02\/ste-predication-rouge-red.jpg?resize=350%2C200&ssl=1 1x, https:\/\/i0.wp.com\/dominicaineslangeac.fr\/wp-content\/uploads\/2017\/02\/ste-predication-rouge-red.jpg?resize=525%2C300&ssl=1 1.5x, https:\/\/i0.wp.com\/dominicaineslangeac.fr\/wp-content\/uploads\/2017\/02\/ste-predication-rouge-red.jpg?resize=700%2C400&ssl=1 2x"},"classes":[]}],"_links":{"self":[{"href":"https:\/\/dominicaineslangeac.fr\/index.php\/wp-json\/wp\/v2\/posts\/20193","targetHints":{"allow":["GET"]}}],"collection":[{"href":"https:\/\/dominicaineslangeac.fr\/index.php\/wp-json\/wp\/v2\/posts"}],"about":[{"href":"https:\/\/dominicaineslangeac.fr\/index.php\/wp-json\/wp\/v2\/types\/post"}],"author":[{"embeddable":true,"href":"https:\/\/dominicaineslangeac.fr\/index.php\/wp-json\/wp\/v2\/users\/2"}],"replies":[{"embeddable":true,"href":"https:\/\/dominicaineslangeac.fr\/index.php\/wp-json\/wp\/v2\/comments?post=20193"}],"version-history":[{"count":4,"href":"https:\/\/dominicaineslangeac.fr\/index.php\/wp-json\/wp\/v2\/posts\/20193\/revisions"}],"predecessor-version":[{"id":20614,"href":"https:\/\/dominicaineslangeac.fr\/index.php\/wp-json\/wp\/v2\/posts\/20193\/revisions\/20614"}],"wp:featuredmedia":[{"embeddable":true,"href":"https:\/\/dominicaineslangeac.fr\/index.php\/wp-json\/wp\/v2\/media\/20196"}],"wp:attachment":[{"href":"https:\/\/dominicaineslangeac.fr\/index.php\/wp-json\/wp\/v2\/media?parent=20193"}],"wp:term":[{"taxonomy":"category","embeddable":true,"href":"https:\/\/dominicaineslangeac.fr\/index.php\/wp-json\/wp\/v2\/categories?post=20193"},{"taxonomy":"post_tag","embeddable":true,"href":"https:\/\/dominicaineslangeac.fr\/index.php\/wp-json\/wp\/v2\/tags?post=20193"}],"curies":[{"name":"wp","href":"https:\/\/api.w.org\/{rel}","templated":true}]}}