{"id":19771,"date":"2025-10-28T10:34:11","date_gmt":"2025-10-28T09:34:11","guid":{"rendered":"https:\/\/dominicaineslangeac.fr\/?p=19771"},"modified":"2025-10-28T10:34:12","modified_gmt":"2025-10-28T09:34:12","slug":"nous-aider-avec-la-fondation-du-patrimoine","status":"publish","type":"post","link":"https:\/\/dominicaineslangeac.fr\/index.php\/2025\/10\/28\/nous-aider-avec-la-fondation-du-patrimoine\/","title":{"rendered":"Nous aider avec la fondation du patrimoine"},"content":{"rendered":"\n<figure class=\"wp-block-image size-large\"><img data-recalc-dims=\"1\" loading=\"lazy\" decoding=\"async\" width=\"700\" height=\"397\" data-attachment-id=\"19772\" data-permalink=\"https:\/\/dominicaineslangeac.fr\/index.php\/2025\/10\/28\/nous-aider-avec-la-fondation-du-patrimoine\/capture-decran-2025-10-28-102757\/\" data-orig-file=\"https:\/\/i0.wp.com\/dominicaineslangeac.fr\/wp-content\/uploads\/2025\/10\/Capture-decran-2025-10-28-102757.png?fit=1764%2C1000&amp;ssl=1\" data-orig-size=\"1764,1000\" data-comments-opened=\"0\" data-image-meta=\"{&quot;aperture&quot;:&quot;0&quot;,&quot;credit&quot;:&quot;&quot;,&quot;camera&quot;:&quot;&quot;,&quot;caption&quot;:&quot;&quot;,&quot;created_timestamp&quot;:&quot;0&quot;,&quot;copyright&quot;:&quot;&quot;,&quot;focal_length&quot;:&quot;0&quot;,&quot;iso&quot;:&quot;0&quot;,&quot;shutter_speed&quot;:&quot;0&quot;,&quot;title&quot;:&quot;&quot;,&quot;orientation&quot;:&quot;0&quot;}\" data-image-title=\"Capture d&amp;rsquo;\u00e9cran 2025-10-28 102757\" data-image-description=\"\" data-image-caption=\"\" data-large-file=\"https:\/\/i0.wp.com\/dominicaineslangeac.fr\/wp-content\/uploads\/2025\/10\/Capture-decran-2025-10-28-102757.png?fit=700%2C397&amp;ssl=1\" src=\"https:\/\/i0.wp.com\/dominicaineslangeac.fr\/wp-content\/uploads\/2025\/10\/Capture-decran-2025-10-28-102757.png?resize=700%2C397&#038;ssl=1\" alt=\"\" class=\"wp-image-19772\" srcset=\"https:\/\/i0.wp.com\/dominicaineslangeac.fr\/wp-content\/uploads\/2025\/10\/Capture-decran-2025-10-28-102757.png?resize=700%2C397&amp;ssl=1 700w, https:\/\/i0.wp.com\/dominicaineslangeac.fr\/wp-content\/uploads\/2025\/10\/Capture-decran-2025-10-28-102757.png?resize=300%2C170&amp;ssl=1 300w, https:\/\/i0.wp.com\/dominicaineslangeac.fr\/wp-content\/uploads\/2025\/10\/Capture-decran-2025-10-28-102757.png?resize=768%2C435&amp;ssl=1 768w, https:\/\/i0.wp.com\/dominicaineslangeac.fr\/wp-content\/uploads\/2025\/10\/Capture-decran-2025-10-28-102757.png?resize=1536%2C871&amp;ssl=1 1536w, https:\/\/i0.wp.com\/dominicaineslangeac.fr\/wp-content\/uploads\/2025\/10\/Capture-decran-2025-10-28-102757.png?w=1764&amp;ssl=1 1764w\" sizes=\"auto, (max-width: 700px) 100vw, 700px\" \/><\/figure>\n\n\n\n<p class=\"has-medium-font-size\">Des nouvelles des travaux de la fa\u00e7ade EST : chantier volets et fen\u00eatres. Vid\u00e9o humoristique \u00ab\u00a0<em>\u00c7a va vous co\u00fbter un petit billet<\/em> !\u00a0\u00bb (en collaboration avec la troupe de th\u00e9\u00e2tre Les Increvables de Langeac).<\/p>\n\n\n\n<p class=\"has-large-font-size\"><a href=\"https:\/\/photos.app.goo.gl\/6gdfg631r7rbcXEw6\">\u27a1\ufe0f <mark style=\"background-color:rgba(0, 0, 0, 0)\" class=\"has-inline-color has-vivid-cyan-blue-color\">Voir le projet (lien vers la vid\u00e9o)<\/mark><\/a><\/p>\n\n\n\n<p>La Fondation du Patrimoine nous soutient pour ce projet. Vous pouvez faire un don via son site : <a href=\"https:\/\/www.fondation-patrimoine.org\/les-projets\/monastere-sainte-catherine-de-langeac\/61231\"><mark style=\"background-color:rgba(0, 0, 0, 0)\" class=\"has-inline-color has-vivid-cyan-blue-color\">https:\/\/www.fondation-patrimoine.org\/les-projets\/monastere-sainte-catherine-de-langeac\/61231<\/mark><\/a><\/p>\n\n\n\n<p class=\"has-text-align-center has-large-font-size\">Merci pour votre soutien<\/p>\n","protected":false},"excerpt":{"rendered":"<p>Des nouvelles de nos travaux, merci pour votre soutien.<\/p>\n","protected":false},"author":2,"featured_media":19772,"comment_status":"closed","ping_status":"closed","sticky":false,"template":"","format":"standard","meta":{"advanced_seo_description":"","jetpack_seo_html_title":"","jetpack_seo_noindex":false,"jetpack_post_was_ever_published":false,"_jetpack_newsletter_access":"","_jetpack_dont_email_post_to_subs":false,"_jetpack_newsletter_tier_id":0,"_jetpack_memberships_contains_paywalled_content":false,"_jetpack_memberships_contains_paid_content":false,"footnotes":"","jetpack_publicize_message":"","jetpack_publicize_feature_enabled":true,"jetpack_social_post_already_shared":true,"jetpack_social_options":{"image_generator_settings":{"template":"highway","default_image_id":0,"font":"","enabled":false},"version":2}},"categories":[3,2],"tags":[109,110],"class_list":{"0":"post-19771","1":"post","2":"type-post","3":"status-publish","4":"format-standard","5":"has-post-thumbnail","7":"category-actualites","8":"category-une","9":"tag-fondation-du-patrimoine","10":"tag-travaux-de-facade","11":"czr-hentry"},"jetpack_publicize_connections":[],"jetpack_featured_media_url":"https:\/\/i0.wp.com\/dominicaineslangeac.fr\/wp-content\/uploads\/2025\/10\/Capture-decran-2025-10-28-102757.png?fit=1764%2C1000&ssl=1","jetpack_sharing_enabled":true,"jetpack_shortlink":"https:\/\/wp.me\/p7P1cC-58T","jetpack-related-posts":[{"id":12,"url":"https:\/\/dominicaineslangeac.fr\/index.php\/2017\/03\/15\/laferme\/","url_meta":{"origin":19771,"position":0},"title":"R\u00e9novation de la ferme","author":"Monast\u00e8re Ste Catherine","date":"15 mars 2017","format":false,"excerpt":"\u00a0 \"La Ferme\" est notre nouvelle structure d'accueil. \u00a0L\u2019inauguration officielle de la\u00a0nouvelle Ferme\u00a0 a eu lieu le 26 juin 2016 en pr\u00e9sence de nos amis et de tous ceux qui ont contribu\u00e9 \u00e0 sa r\u00e9alisation. C'est un\u00a0projet \u00a0qui nous a pr\u00e9occup\u00e9 plusieurs ann\u00e9es et qui a \u00e9t\u00e9 r\u00e9alis\u00e9 par l'architecte\u2026","rel":"","context":"Dans &quot;Non class\u00e9&quot;","block_context":{"text":"Non class\u00e9","link":"https:\/\/dominicaineslangeac.fr\/index.php\/category\/non-classe\/"},"img":{"alt_text":"","src":"https:\/\/i0.wp.com\/dominicaineslangeac.fr\/wp-content\/uploads\/2016\/08\/nouvelle-ferme.jpg?fit=1200%2C900&ssl=1&resize=350%2C200","width":350,"height":200,"srcset":"https:\/\/i0.wp.com\/dominicaineslangeac.fr\/wp-content\/uploads\/2016\/08\/nouvelle-ferme.jpg?fit=1200%2C900&ssl=1&resize=350%2C200 1x, https:\/\/i0.wp.com\/dominicaineslangeac.fr\/wp-content\/uploads\/2016\/08\/nouvelle-ferme.jpg?fit=1200%2C900&ssl=1&resize=525%2C300 1.5x, https:\/\/i0.wp.com\/dominicaineslangeac.fr\/wp-content\/uploads\/2016\/08\/nouvelle-ferme.jpg?fit=1200%2C900&ssl=1&resize=700%2C400 2x, https:\/\/i0.wp.com\/dominicaineslangeac.fr\/wp-content\/uploads\/2016\/08\/nouvelle-ferme.jpg?fit=1200%2C900&ssl=1&resize=1050%2C600 3x"},"classes":[]},{"id":1035,"url":"https:\/\/dominicaineslangeac.fr\/index.php\/2017\/09\/30\/assemblee-generale-de-laamdl-samedi-21-octobre-2017-a-partir-de-15h30-au-monastere\/","url_meta":{"origin":19771,"position":1},"title":"Assembl\u00e9e G\u00e9n\u00e9rale de l&rsquo;AAMDL","author":"MONASTERE","date":"30 septembre 2017","format":false,"excerpt":"Samedi 21 Octobre 2017 \u00e0 partir de 15h30 au monast\u00e8re Cette Assembl\u00e9e g\u00e9n\u00e9rale s\u2019inscrit dans le cadre plus g\u00e9n\u00e9ral\u00a0d\u2019une journ\u00e9e de rencontre, dont vous trouverez le programme ci-dessous\u00a0 et \u00e0 l\u2019ensemble de laquelle votre pr\u00e9sence nous sera particuli\u00e8rement\u00a0agr\u00e9able. \u00a0 Programme de la journ\u00e9e 10h45\u00a0: Accueil \u00a0 11h00\u00a0: Eucharistie pr\u00e9sid\u00e9e par\u2026","rel":"","context":"Dans &quot;Non class\u00e9&quot;","block_context":{"text":"Non class\u00e9","link":"https:\/\/dominicaineslangeac.fr\/index.php\/category\/non-classe\/"},"img":{"alt_text":"","src":"https:\/\/i0.wp.com\/dominicaineslangeac.fr\/wp-content\/uploads\/2016\/08\/AAMDL_LogoHoriz_Quadri-2-court-.jpg?fit=596%2C650&ssl=1&resize=350%2C200","width":350,"height":200,"srcset":"https:\/\/i0.wp.com\/dominicaineslangeac.fr\/wp-content\/uploads\/2016\/08\/AAMDL_LogoHoriz_Quadri-2-court-.jpg?fit=596%2C650&ssl=1&resize=350%2C200 1x, https:\/\/i0.wp.com\/dominicaineslangeac.fr\/wp-content\/uploads\/2016\/08\/AAMDL_LogoHoriz_Quadri-2-court-.jpg?fit=596%2C650&ssl=1&resize=525%2C300 1.5x"},"classes":[]},{"id":6420,"url":"https:\/\/dominicaineslangeac.fr\/index.php\/2022\/12\/29\/ouverture-du-jubile-400-ans-de-fondation\/","url_meta":{"origin":19771,"position":2},"title":"Epiphanie 2023, ouverture du jubil\u00e9: 400 ans de fondation","author":"MONASTERE","date":"29 d\u00e9cembre 2022","format":false,"excerpt":"Dimanche 8 janvier 2023 9h Messe solennelle d'ouverture pr\u00e9sid\u00e9e par Monseigneur Yves Baumgarten, \u00e9v\u00eaque du Puy-en-Velay Entr\u00e9e du monast\u00e8re primitif, Historial M\u00e8re Agn\u00e8s","rel":"","context":"Dans &quot;Jubil\u00e9 2023&quot;","block_context":{"text":"Jubil\u00e9 2023","link":"https:\/\/dominicaineslangeac.fr\/index.php\/category\/jubile-2023\/"},"img":{"alt_text":"","src":"https:\/\/i0.wp.com\/dominicaineslangeac.fr\/wp-content\/uploads\/2022\/12\/Cour-du-monastere-15-mo-1-scaled.jpg?resize=350%2C200&ssl=1","width":350,"height":200,"srcset":"https:\/\/i0.wp.com\/dominicaineslangeac.fr\/wp-content\/uploads\/2022\/12\/Cour-du-monastere-15-mo-1-scaled.jpg?resize=350%2C200&ssl=1 1x, https:\/\/i0.wp.com\/dominicaineslangeac.fr\/wp-content\/uploads\/2022\/12\/Cour-du-monastere-15-mo-1-scaled.jpg?resize=525%2C300&ssl=1 1.5x, https:\/\/i0.wp.com\/dominicaineslangeac.fr\/wp-content\/uploads\/2022\/12\/Cour-du-monastere-15-mo-1-scaled.jpg?resize=700%2C400&ssl=1 2x, https:\/\/i0.wp.com\/dominicaineslangeac.fr\/wp-content\/uploads\/2022\/12\/Cour-du-monastere-15-mo-1-scaled.jpg?resize=1050%2C600&ssl=1 3x, https:\/\/i0.wp.com\/dominicaineslangeac.fr\/wp-content\/uploads\/2022\/12\/Cour-du-monastere-15-mo-1-scaled.jpg?resize=1400%2C800&ssl=1 4x"},"classes":[]},{"id":4636,"url":"https:\/\/dominicaineslangeac.fr\/index.php\/2021\/09\/13\/jubile-dominicain-16-17-octobre-2021\/","url_meta":{"origin":19771,"position":3},"title":"jubil\u00e9 dominicain 16-17 octobre 2021","author":"MONASTERE","date":"13 septembre 2021","format":false,"excerpt":"800 ans de la fondation du couvent de Saint-Laurent","rel":"","context":"Dans &quot;Non class\u00e9&quot;","block_context":{"text":"Non class\u00e9","link":"https:\/\/dominicaineslangeac.fr\/index.php\/category\/non-classe\/"},"img":{"alt_text":"","src":"https:\/\/i0.wp.com\/dominicaineslangeac.fr\/wp-content\/uploads\/2021\/09\/enluminure-st-do.jpg?fit=960%2C305&ssl=1&resize=350%2C200","width":350,"height":200,"srcset":"https:\/\/i0.wp.com\/dominicaineslangeac.fr\/wp-content\/uploads\/2021\/09\/enluminure-st-do.jpg?fit=960%2C305&ssl=1&resize=350%2C200 1x, https:\/\/i0.wp.com\/dominicaineslangeac.fr\/wp-content\/uploads\/2021\/09\/enluminure-st-do.jpg?fit=960%2C305&ssl=1&resize=525%2C300 1.5x, https:\/\/i0.wp.com\/dominicaineslangeac.fr\/wp-content\/uploads\/2021\/09\/enluminure-st-do.jpg?fit=960%2C305&ssl=1&resize=700%2C400 2x"},"classes":[]},{"id":1079,"url":"https:\/\/dominicaineslangeac.fr\/index.php\/2018\/01\/16\/weekend-travaux\/","url_meta":{"origin":19771,"position":4},"title":"Weekend travaux","author":"Monast\u00e8re Ste Catherine","date":"16 janvier 2018","format":false,"excerpt":"","rel":"","context":"Dans &quot;Non class\u00e9&quot;","block_context":{"text":"Non class\u00e9","link":"https:\/\/dominicaineslangeac.fr\/index.php\/category\/non-classe\/"},"img":{"alt_text":"","src":"https:\/\/i0.wp.com\/dominicaineslangeac.fr\/wp-content\/uploads\/2018\/01\/we-end-travaux-f%C3%A9v-2018-w.jpg?fit=722%2C1200&ssl=1&resize=350%2C200","width":350,"height":200,"srcset":"https:\/\/i0.wp.com\/dominicaineslangeac.fr\/wp-content\/uploads\/2018\/01\/we-end-travaux-f%C3%A9v-2018-w.jpg?fit=722%2C1200&ssl=1&resize=350%2C200 1x, https:\/\/i0.wp.com\/dominicaineslangeac.fr\/wp-content\/uploads\/2018\/01\/we-end-travaux-f%C3%A9v-2018-w.jpg?fit=722%2C1200&ssl=1&resize=525%2C300 1.5x, https:\/\/i0.wp.com\/dominicaineslangeac.fr\/wp-content\/uploads\/2018\/01\/we-end-travaux-f%C3%A9v-2018-w.jpg?fit=722%2C1200&ssl=1&resize=700%2C400 2x"},"classes":[]},{"id":7330,"url":"https:\/\/dominicaineslangeac.fr\/index.php\/2023\/06\/27\/colloque-historique-22-23-septembre-2023\/","url_meta":{"origin":19771,"position":5},"title":"COLLOQUE HISTORIQUE 22-23 septembre 2023","author":"MONASTERE","date":"27 juin 2023","format":false,"excerpt":"Colloque Historique , les 400 ans du monast\u00e8re de dominicaines de Langeac 1623-2023","rel":"","context":"Dans &quot;Jubil\u00e9 2023&quot;","block_context":{"text":"Jubil\u00e9 2023","link":"https:\/\/dominicaineslangeac.fr\/index.php\/category\/jubile-2023\/"},"img":{"alt_text":"","src":"https:\/\/i0.wp.com\/dominicaineslangeac.fr\/wp-content\/uploads\/2023\/06\/colonne-seule-scaled.jpg?fit=214%2C1200&ssl=1&resize=350%2C200","width":350,"height":200},"classes":[]}],"_links":{"self":[{"href":"https:\/\/dominicaineslangeac.fr\/index.php\/wp-json\/wp\/v2\/posts\/19771","targetHints":{"allow":["GET"]}}],"collection":[{"href":"https:\/\/dominicaineslangeac.fr\/index.php\/wp-json\/wp\/v2\/posts"}],"about":[{"href":"https:\/\/dominicaineslangeac.fr\/index.php\/wp-json\/wp\/v2\/types\/post"}],"author":[{"embeddable":true,"href":"https:\/\/dominicaineslangeac.fr\/index.php\/wp-json\/wp\/v2\/users\/2"}],"replies":[{"embeddable":true,"href":"https:\/\/dominicaineslangeac.fr\/index.php\/wp-json\/wp\/v2\/comments?post=19771"}],"version-history":[{"count":1,"href":"https:\/\/dominicaineslangeac.fr\/index.php\/wp-json\/wp\/v2\/posts\/19771\/revisions"}],"predecessor-version":[{"id":19773,"href":"https:\/\/dominicaineslangeac.fr\/index.php\/wp-json\/wp\/v2\/posts\/19771\/revisions\/19773"}],"wp:featuredmedia":[{"embeddable":true,"href":"https:\/\/dominicaineslangeac.fr\/index.php\/wp-json\/wp\/v2\/media\/19772"}],"wp:attachment":[{"href":"https:\/\/dominicaineslangeac.fr\/index.php\/wp-json\/wp\/v2\/media?parent=19771"}],"wp:term":[{"taxonomy":"category","embeddable":true,"href":"https:\/\/dominicaineslangeac.fr\/index.php\/wp-json\/wp\/v2\/categories?post=19771"},{"taxonomy":"post_tag","embeddable":true,"href":"https:\/\/dominicaineslangeac.fr\/index.php\/wp-json\/wp\/v2\/tags?post=19771"}],"curies":[{"name":"wp","href":"https:\/\/api.w.org\/{rel}","templated":true}]}}