{"id":19758,"date":"2025-10-27T11:36:47","date_gmt":"2025-10-27T10:36:47","guid":{"rendered":"https:\/\/dominicaineslangeac.fr\/?p=19758"},"modified":"2026-01-19T18:45:24","modified_gmt":"2026-01-19T17:45:24","slug":"pause-au-monastere-2025-2026","status":"publish","type":"post","link":"https:\/\/dominicaineslangeac.fr\/index.php\/2025\/10\/27\/pause-au-monastere-2025-2026\/","title":{"rendered":"Pause au monast\u00e8re 2025\/2026"},"content":{"rendered":"\n<figure class=\"wp-block-image\"><img data-recalc-dims=\"1\" loading=\"lazy\" decoding=\"async\" width=\"1170\" height=\"1655\" data-attachment-id=\"19757\" data-permalink=\"https:\/\/dominicaineslangeac.fr\/pause-au-monastere-2025-2026\/\" data-orig-file=\"https:\/\/i0.wp.com\/dominicaineslangeac.fr\/wp-content\/uploads\/2025\/10\/Pause-au-monastere-2025-2026.jpg?fit=1414%2C2000&amp;ssl=1\" data-orig-size=\"1414,2000\" data-comments-opened=\"0\" data-image-meta=\"{&quot;aperture&quot;:&quot;0&quot;,&quot;credit&quot;:&quot;&quot;,&quot;camera&quot;:&quot;&quot;,&quot;caption&quot;:&quot;&quot;,&quot;created_timestamp&quot;:&quot;0&quot;,&quot;copyright&quot;:&quot;&quot;,&quot;focal_length&quot;:&quot;0&quot;,&quot;iso&quot;:&quot;0&quot;,&quot;shutter_speed&quot;:&quot;0&quot;,&quot;title&quot;:&quot;&quot;,&quot;orientation&quot;:&quot;1&quot;}\" data-image-title=\"Pause au monast\u00e8re 2025-2026\" data-image-description=\"\" data-image-caption=\"\" data-large-file=\"https:\/\/i0.wp.com\/dominicaineslangeac.fr\/wp-content\/uploads\/2025\/10\/Pause-au-monastere-2025-2026.jpg?fit=700%2C990&amp;ssl=1\" src=\"https:\/\/i0.wp.com\/dominicaineslangeac.fr\/wp-content\/uploads\/2025\/10\/Pause-au-monastere-2025-2026.jpg?resize=1170%2C1655&#038;ssl=1\" alt=\"Pause au monast\u00e8re\" class=\"wp-image-19757\" srcset=\"https:\/\/i0.wp.com\/dominicaineslangeac.fr\/wp-content\/uploads\/2025\/10\/Pause-au-monastere-2025-2026.jpg?w=1414&amp;ssl=1 1414w, https:\/\/i0.wp.com\/dominicaineslangeac.fr\/wp-content\/uploads\/2025\/10\/Pause-au-monastere-2025-2026.jpg?resize=212%2C300&amp;ssl=1 212w, https:\/\/i0.wp.com\/dominicaineslangeac.fr\/wp-content\/uploads\/2025\/10\/Pause-au-monastere-2025-2026.jpg?resize=700%2C990&amp;ssl=1 700w, https:\/\/i0.wp.com\/dominicaineslangeac.fr\/wp-content\/uploads\/2025\/10\/Pause-au-monastere-2025-2026.jpg?resize=768%2C1086&amp;ssl=1 768w, https:\/\/i0.wp.com\/dominicaineslangeac.fr\/wp-content\/uploads\/2025\/10\/Pause-au-monastere-2025-2026.jpg?resize=1086%2C1536&amp;ssl=1 1086w\" sizes=\"auto, (max-width: 1170px) 100vw, 1170px\" \/><\/figure>\n\n\n\n<p><\/p>\n","protected":false},"excerpt":{"rendered":"<p>WE pause au monast\u00e8re 20-35 ans  un temps \u00e0 votre convenance.<\/p>\n","protected":false},"author":2,"featured_media":19757,"comment_status":"closed","ping_status":"closed","sticky":false,"template":"","format":"standard","meta":{"advanced_seo_description":"","jetpack_seo_html_title":"","jetpack_seo_noindex":false,"jetpack_post_was_ever_published":false,"_jetpack_newsletter_access":"","_jetpack_dont_email_post_to_subs":false,"_jetpack_newsletter_tier_id":0,"_jetpack_memberships_contains_paywalled_content":false,"_jetpack_memberships_contains_paid_content":false,"footnotes":"","jetpack_publicize_message":"","jetpack_publicize_feature_enabled":true,"jetpack_social_post_already_shared":true,"jetpack_social_options":{"image_generator_settings":{"template":"highway","default_image_id":0,"font":"","enabled":false},"version":2}},"categories":[3,108,2],"tags":[86,107],"class_list":{"0":"post-19758","1":"post","2":"type-post","3":"status-publish","4":"format-standard","5":"has-post-thumbnail","7":"category-actualites","8":"category-page-jeunes","9":"category-une","10":"tag-jeunes","11":"tag-pause-au-monastere","12":"czr-hentry"},"jetpack_publicize_connections":[],"jetpack_featured_media_url":"https:\/\/i0.wp.com\/dominicaineslangeac.fr\/wp-content\/uploads\/2025\/10\/Pause-au-monastere-2025-2026.jpg?fit=1414%2C2000&ssl=1","jetpack_sharing_enabled":true,"jetpack_shortlink":"https:\/\/wp.me\/p7P1cC-58G","jetpack-related-posts":[{"id":6100,"url":"https:\/\/dominicaineslangeac.fr\/index.php\/2022\/11\/06\/pause-au-monastere-we-jeunes-quetes-vous-alles-voir-au-desert\/","url_meta":{"origin":19758,"position":0},"title":"Pause au monast\u00e8re: WE jeunes.\u00a0\u00bbQu&rsquo;\u00eates-vous all\u00e9s voir au d\u00e9sert?\u00a0\u00bb","author":"MONASTERE","date":"6 novembre 2022","format":false,"excerpt":"Journ\u00e9e Monastique Une pause d\u2019Avent \u00e0 l\u2019\u00e9cart pour pr\u00e9parer la venue du Seigneur. Voir \u00a0https:\/\/youtu.be\/vbdxd9S2ir0 Nous proposons un temps de d\u00e9couverte de la vie monastique au monast\u00e8re Sainte Catherine de Sienne. Au programme\u00a0: Partage de la vie de la communaut\u00e9 au rythme de la pri\u00e8re des heures, du silence, de\u2026","rel":"","context":"Dans &quot;archives&quot;","block_context":{"text":"archives","link":"https:\/\/dominicaineslangeac.fr\/index.php\/category\/archives\/"},"img":{"alt_text":"","src":"https:\/\/i0.wp.com\/dominicaineslangeac.fr\/wp-content\/uploads\/2022\/11\/Affiche_PauseMonsatere-Langeac_2022.png?fit=849%2C1200&ssl=1&resize=350%2C200","width":350,"height":200,"srcset":"https:\/\/i0.wp.com\/dominicaineslangeac.fr\/wp-content\/uploads\/2022\/11\/Affiche_PauseMonsatere-Langeac_2022.png?fit=849%2C1200&ssl=1&resize=350%2C200 1x, https:\/\/i0.wp.com\/dominicaineslangeac.fr\/wp-content\/uploads\/2022\/11\/Affiche_PauseMonsatere-Langeac_2022.png?fit=849%2C1200&ssl=1&resize=525%2C300 1.5x, https:\/\/i0.wp.com\/dominicaineslangeac.fr\/wp-content\/uploads\/2022\/11\/Affiche_PauseMonsatere-Langeac_2022.png?fit=849%2C1200&ssl=1&resize=700%2C400 2x"},"classes":[]},{"id":20193,"url":"https:\/\/dominicaineslangeac.fr\/index.php\/2026\/04\/12\/we-decouverte-de-la-vie-monastique-dominicaine-20-22-fevrier-et-17-19-avril-2026\/","url_meta":{"origin":19758,"position":1},"title":"WE d\u00e9couverte de la vie monastique dominicaine: 17-19 avril 2026","author":"MONASTERE","date":"12 avril 2026","format":false,"excerpt":"WE d\u00e9couverte de la vie monastique dominicaine 17-19 avril 2026","rel":"","context":"Dans &quot;Actualit\u00e9s&quot;","block_context":{"text":"Actualit\u00e9s","link":"https:\/\/dominicaineslangeac.fr\/index.php\/category\/actualites\/"},"img":{"alt_text":"","src":"https:\/\/i0.wp.com\/dominicaineslangeac.fr\/wp-content\/uploads\/2026\/01\/Capture-decran-2026-01-19-183544.png?fit=830%2C601&ssl=1&resize=350%2C200","width":350,"height":200,"srcset":"https:\/\/i0.wp.com\/dominicaineslangeac.fr\/wp-content\/uploads\/2026\/01\/Capture-decran-2026-01-19-183544.png?fit=830%2C601&ssl=1&resize=350%2C200 1x, https:\/\/i0.wp.com\/dominicaineslangeac.fr\/wp-content\/uploads\/2026\/01\/Capture-decran-2026-01-19-183544.png?fit=830%2C601&ssl=1&resize=525%2C300 1.5x, https:\/\/i0.wp.com\/dominicaineslangeac.fr\/wp-content\/uploads\/2026\/01\/Capture-decran-2026-01-19-183544.png?fit=830%2C601&ssl=1&resize=700%2C400 2x"},"classes":[]},{"id":4834,"url":"https:\/\/dominicaineslangeac.fr\/index.php\/2021\/11\/14\/jeunes-de-18-a-35-ans\/","url_meta":{"origin":19758,"position":2},"title":"jeunes de 18 \u00e0 35 ans","author":"MONASTERE","date":"14 novembre 2021","format":false,"excerpt":"Durant l'Avent vivre une exp\u00e9rience de vie monastique \u00e0 Langeac","rel":"","context":"Dans &quot;Non class\u00e9&quot;","block_context":{"text":"Non class\u00e9","link":"https:\/\/dominicaineslangeac.fr\/index.php\/category\/non-classe\/"},"img":{"alt_text":"","src":"https:\/\/i0.wp.com\/dominicaineslangeac.fr\/wp-content\/uploads\/2019\/11\/tabernacle-scaled.jpg?fit=674%2C1200&ssl=1&resize=350%2C200","width":350,"height":200,"srcset":"https:\/\/i0.wp.com\/dominicaineslangeac.fr\/wp-content\/uploads\/2019\/11\/tabernacle-scaled.jpg?fit=674%2C1200&ssl=1&resize=350%2C200 1x, https:\/\/i0.wp.com\/dominicaineslangeac.fr\/wp-content\/uploads\/2019\/11\/tabernacle-scaled.jpg?fit=674%2C1200&ssl=1&resize=525%2C300 1.5x"},"classes":[]},{"id":7330,"url":"https:\/\/dominicaineslangeac.fr\/index.php\/2023\/06\/27\/colloque-historique-22-23-septembre-2023\/","url_meta":{"origin":19758,"position":3},"title":"COLLOQUE HISTORIQUE 22-23 septembre 2023","author":"MONASTERE","date":"27 juin 2023","format":false,"excerpt":"Colloque Historique , les 400 ans du monast\u00e8re de dominicaines de Langeac 1623-2023","rel":"","context":"Dans &quot;Jubil\u00e9 2023&quot;","block_context":{"text":"Jubil\u00e9 2023","link":"https:\/\/dominicaineslangeac.fr\/index.php\/category\/jubile-2023\/"},"img":{"alt_text":"","src":"https:\/\/i0.wp.com\/dominicaineslangeac.fr\/wp-content\/uploads\/2023\/06\/colonne-seule-scaled.jpg?fit=214%2C1200&ssl=1&resize=350%2C200","width":350,"height":200},"classes":[]},{"id":4346,"url":"https:\/\/dominicaineslangeac.fr\/index.php\/2021\/04\/27\/marche-dominicaine-aout-2021\/","url_meta":{"origin":19758,"position":4},"title":"Marche Dominicaine ao\u00fbt 2021","author":"MONASTERE","date":"27 avril 2021","format":false,"excerpt":"pour les jeunes 18-35 ans","rel":"","context":"Dans &quot;Non class\u00e9&quot;","block_context":{"text":"Non class\u00e9","link":"https:\/\/dominicaineslangeac.fr\/index.php\/category\/non-classe\/"},"img":{"alt_text":"","src":"https:\/\/i0.wp.com\/dominicaineslangeac.fr\/wp-content\/uploads\/2017\/02\/Promenade-5.jpg?fit=1200%2C900&ssl=1&resize=350%2C200","width":350,"height":200,"srcset":"https:\/\/i0.wp.com\/dominicaineslangeac.fr\/wp-content\/uploads\/2017\/02\/Promenade-5.jpg?fit=1200%2C900&ssl=1&resize=350%2C200 1x, https:\/\/i0.wp.com\/dominicaineslangeac.fr\/wp-content\/uploads\/2017\/02\/Promenade-5.jpg?fit=1200%2C900&ssl=1&resize=525%2C300 1.5x, https:\/\/i0.wp.com\/dominicaineslangeac.fr\/wp-content\/uploads\/2017\/02\/Promenade-5.jpg?fit=1200%2C900&ssl=1&resize=700%2C400 2x, https:\/\/i0.wp.com\/dominicaineslangeac.fr\/wp-content\/uploads\/2017\/02\/Promenade-5.jpg?fit=1200%2C900&ssl=1&resize=1050%2C600 3x"},"classes":[]},{"id":19618,"url":"https:\/\/dominicaineslangeac.fr\/index.php\/2025\/09\/25\/ag-de-laamdl-2025\/","url_meta":{"origin":19758,"position":5},"title":"AG de l&rsquo;AAMDL 2025","author":"MONASTERE","date":"25 septembre 2025","format":false,"excerpt":"Vous \u00eates tous les bienvenus pour cette journ\u00e9e ou une partie seulement.","rel":"","context":"Dans &quot;AAMDL&quot;","block_context":{"text":"AAMDL","link":"https:\/\/dominicaineslangeac.fr\/index.php\/category\/aamdl\/"},"img":{"alt_text":"","src":"https:\/\/i0.wp.com\/dominicaineslangeac.fr\/wp-content\/uploads\/2025\/09\/Assemblee-generale-AAMDL-2025.png?resize=350%2C200&ssl=1","width":350,"height":200,"srcset":"https:\/\/i0.wp.com\/dominicaineslangeac.fr\/wp-content\/uploads\/2025\/09\/Assemblee-generale-AAMDL-2025.png?resize=350%2C200&ssl=1 1x, https:\/\/i0.wp.com\/dominicaineslangeac.fr\/wp-content\/uploads\/2025\/09\/Assemblee-generale-AAMDL-2025.png?resize=525%2C300&ssl=1 1.5x, https:\/\/i0.wp.com\/dominicaineslangeac.fr\/wp-content\/uploads\/2025\/09\/Assemblee-generale-AAMDL-2025.png?resize=700%2C400&ssl=1 2x"},"classes":[]}],"_links":{"self":[{"href":"https:\/\/dominicaineslangeac.fr\/index.php\/wp-json\/wp\/v2\/posts\/19758","targetHints":{"allow":["GET"]}}],"collection":[{"href":"https:\/\/dominicaineslangeac.fr\/index.php\/wp-json\/wp\/v2\/posts"}],"about":[{"href":"https:\/\/dominicaineslangeac.fr\/index.php\/wp-json\/wp\/v2\/types\/post"}],"author":[{"embeddable":true,"href":"https:\/\/dominicaineslangeac.fr\/index.php\/wp-json\/wp\/v2\/users\/2"}],"replies":[{"embeddable":true,"href":"https:\/\/dominicaineslangeac.fr\/index.php\/wp-json\/wp\/v2\/comments?post=19758"}],"version-history":[{"count":3,"href":"https:\/\/dominicaineslangeac.fr\/index.php\/wp-json\/wp\/v2\/posts\/19758\/revisions"}],"predecessor-version":[{"id":20198,"href":"https:\/\/dominicaineslangeac.fr\/index.php\/wp-json\/wp\/v2\/posts\/19758\/revisions\/20198"}],"wp:featuredmedia":[{"embeddable":true,"href":"https:\/\/dominicaineslangeac.fr\/index.php\/wp-json\/wp\/v2\/media\/19757"}],"wp:attachment":[{"href":"https:\/\/dominicaineslangeac.fr\/index.php\/wp-json\/wp\/v2\/media?parent=19758"}],"wp:term":[{"taxonomy":"category","embeddable":true,"href":"https:\/\/dominicaineslangeac.fr\/index.php\/wp-json\/wp\/v2\/categories?post=19758"},{"taxonomy":"post_tag","embeddable":true,"href":"https:\/\/dominicaineslangeac.fr\/index.php\/wp-json\/wp\/v2\/tags?post=19758"}],"curies":[{"name":"wp","href":"https:\/\/api.w.org\/{rel}","templated":true}]}}