{"id":11506,"date":"2025-01-13T22:08:31","date_gmt":"2025-01-13T21:08:31","guid":{"rendered":"https:\/\/dominicaineslangeac.fr\/?p=11506"},"modified":"2025-01-13T22:41:37","modified_gmt":"2025-01-13T21:41:37","slug":"journee-de-retraite","status":"publish","type":"post","link":"https:\/\/dominicaineslangeac.fr\/index.php\/2025\/01\/13\/journee-de-retraite\/","title":{"rendered":"Journ\u00e9e de retraite avec la communaut\u00e9"},"content":{"rendered":"\n<p>Merci de s&rsquo;inscrire \u00e0 accueil.langeac@gmail.com  <\/p>\n\n\n\n<figure class=\"wp-block-image size-full\"><img data-recalc-dims=\"1\" loading=\"lazy\" decoding=\"async\" width=\"593\" height=\"841\" data-attachment-id=\"11507\" data-permalink=\"https:\/\/dominicaineslangeac.fr\/index.php\/2025\/01\/13\/journee-de-retraite\/capture-decran-2025-01-13-220030\/\" data-orig-file=\"https:\/\/i0.wp.com\/dominicaineslangeac.fr\/wp-content\/uploads\/2025\/01\/Capture-decran-2025-01-13-220030.png?fit=593%2C841&amp;ssl=1\" data-orig-size=\"593,841\" data-comments-opened=\"0\" data-image-meta=\"{&quot;aperture&quot;:&quot;0&quot;,&quot;credit&quot;:&quot;&quot;,&quot;camera&quot;:&quot;&quot;,&quot;caption&quot;:&quot;&quot;,&quot;created_timestamp&quot;:&quot;0&quot;,&quot;copyright&quot;:&quot;&quot;,&quot;focal_length&quot;:&quot;0&quot;,&quot;iso&quot;:&quot;0&quot;,&quot;shutter_speed&quot;:&quot;0&quot;,&quot;title&quot;:&quot;&quot;,&quot;orientation&quot;:&quot;0&quot;}\" data-image-title=\"Capture d&amp;rsquo;\u00e9cran 2025-01-13 220030\" data-image-description=\"\" data-image-caption=\"\" data-large-file=\"https:\/\/i0.wp.com\/dominicaineslangeac.fr\/wp-content\/uploads\/2025\/01\/Capture-decran-2025-01-13-220030.png?fit=593%2C841&amp;ssl=1\" src=\"https:\/\/i0.wp.com\/dominicaineslangeac.fr\/wp-content\/uploads\/2025\/01\/Capture-decran-2025-01-13-220030.png?resize=593%2C841&#038;ssl=1\" alt=\"journ\u00e9e de retraite avec la communaut\u00e9\" class=\"wp-image-11507\" srcset=\"https:\/\/i0.wp.com\/dominicaineslangeac.fr\/wp-content\/uploads\/2025\/01\/Capture-decran-2025-01-13-220030.png?w=593&amp;ssl=1 593w, https:\/\/i0.wp.com\/dominicaineslangeac.fr\/wp-content\/uploads\/2025\/01\/Capture-decran-2025-01-13-220030.png?resize=212%2C300&amp;ssl=1 212w\" sizes=\"auto, (max-width: 593px) 100vw, 593px\" \/><\/figure>\n","protected":false},"excerpt":{"rendered":"<p>journ\u00e9e de retraite avec la communaut\u00e9<br \/>\njubil\u00e9<\/p>\n","protected":false},"author":2,"featured_media":0,"comment_status":"closed","ping_status":"closed","sticky":false,"template":"","format":"standard","meta":{"advanced_seo_description":"","jetpack_seo_html_title":"","jetpack_seo_noindex":false,"jetpack_post_was_ever_published":false,"_jetpack_newsletter_access":"","_jetpack_dont_email_post_to_subs":false,"_jetpack_newsletter_tier_id":0,"_jetpack_memberships_contains_paywalled_content":false,"_jetpack_memberships_contains_paid_content":false,"footnotes":"","jetpack_publicize_message":"","jetpack_publicize_feature_enabled":true,"jetpack_social_post_already_shared":true,"jetpack_social_options":{"image_generator_settings":{"template":"highway","default_image_id":0,"font":"","enabled":false},"version":2}},"categories":[3,2],"tags":[84,85,57],"class_list":{"0":"post-11506","1":"post","2":"type-post","3":"status-publish","4":"format-standard","6":"category-actualites","7":"category-une","8":"tag-jubile","9":"tag-lectio-divina","10":"tag-retraite","11":"czr-hentry"},"jetpack_publicize_connections":[],"jetpack_featured_media_url":"","jetpack_sharing_enabled":true,"jetpack_shortlink":"https:\/\/wp.me\/p7P1cC-2ZA","jetpack-related-posts":[{"id":8332,"url":"https:\/\/dominicaineslangeac.fr\/index.php\/2023\/11\/30\/8332\/","url_meta":{"origin":11506,"position":0},"title":"R\u00e9ponse souhait\u00e9e avant le 9\u2026","author":"MONASTERE","date":"30 novembre 2023","format":false,"excerpt":"Retraite d'Avent avec la communaut\u00e9","rel":"","context":"Dans &quot;Jubil\u00e9 2023&quot;","block_context":{"text":"Jubil\u00e9 2023","link":"https:\/\/dominicaineslangeac.fr\/index.php\/category\/jubile-2023\/"},"img":{"alt_text":"","src":"https:\/\/i0.wp.com\/dominicaineslangeac.fr\/wp-content\/uploads\/2023\/11\/journee-dAvent-2023.jpg?fit=1200%2C670&ssl=1&resize=350%2C200","width":350,"height":200,"srcset":"https:\/\/i0.wp.com\/dominicaineslangeac.fr\/wp-content\/uploads\/2023\/11\/journee-dAvent-2023.jpg?fit=1200%2C670&ssl=1&resize=350%2C200 1x, https:\/\/i0.wp.com\/dominicaineslangeac.fr\/wp-content\/uploads\/2023\/11\/journee-dAvent-2023.jpg?fit=1200%2C670&ssl=1&resize=525%2C300 1.5x, https:\/\/i0.wp.com\/dominicaineslangeac.fr\/wp-content\/uploads\/2023\/11\/journee-dAvent-2023.jpg?fit=1200%2C670&ssl=1&resize=700%2C400 2x, https:\/\/i0.wp.com\/dominicaineslangeac.fr\/wp-content\/uploads\/2023\/11\/journee-dAvent-2023.jpg?fit=1200%2C670&ssl=1&resize=1050%2C600 3x"},"classes":[]},{"id":19903,"url":"https:\/\/dominicaineslangeac.fr\/index.php\/2025\/11\/25\/journee-de-retraite-avec-la-communaute\/","url_meta":{"origin":11506,"position":1},"title":"Journ\u00e9e de retraite avec la communaut\u00e9","author":"MONASTERE","date":"25 novembre 2025","format":false,"excerpt":"Retraite avec la communaut\u00e9 13 d\u00e9cembre 2025 La liturgie de No\u00ebl","rel":"","context":"Dans &quot;Actualit\u00e9s&quot;","block_context":{"text":"Actualit\u00e9s","link":"https:\/\/dominicaineslangeac.fr\/index.php\/category\/actualites\/"},"img":{"alt_text":"retraite avec la communaut\u00e9 le 13 d\u00e9cembre 2025","src":"https:\/\/i0.wp.com\/dominicaineslangeac.fr\/wp-content\/uploads\/2025\/11\/Recollection-13-decembre-2025.png?fit=1200%2C851&ssl=1&resize=350%2C200","width":350,"height":200,"srcset":"https:\/\/i0.wp.com\/dominicaineslangeac.fr\/wp-content\/uploads\/2025\/11\/Recollection-13-decembre-2025.png?fit=1200%2C851&ssl=1&resize=350%2C200 1x, https:\/\/i0.wp.com\/dominicaineslangeac.fr\/wp-content\/uploads\/2025\/11\/Recollection-13-decembre-2025.png?fit=1200%2C851&ssl=1&resize=525%2C300 1.5x, https:\/\/i0.wp.com\/dominicaineslangeac.fr\/wp-content\/uploads\/2025\/11\/Recollection-13-decembre-2025.png?fit=1200%2C851&ssl=1&resize=700%2C400 2x, https:\/\/i0.wp.com\/dominicaineslangeac.fr\/wp-content\/uploads\/2025\/11\/Recollection-13-decembre-2025.png?fit=1200%2C851&ssl=1&resize=1050%2C600 3x"},"classes":[]},{"id":11936,"url":"https:\/\/dominicaineslangeac.fr\/index.php\/2025\/03\/15\/retraite-de-careme-avec-la-communaute\/","url_meta":{"origin":11506,"position":2},"title":"Retraite de Car\u00eame avec la communaut\u00e9 samedi 22 mars","author":"MONASTERE","date":"15 mars 2025","format":false,"excerpt":"retraite de Car\u00eame avec la communaut\u00e9. Au d\u00e9sert avec Os\u00e9e","rel":"","context":"Dans &quot;archives&quot;","block_context":{"text":"archives","link":"https:\/\/dominicaineslangeac.fr\/index.php\/category\/archives\/"},"img":{"alt_text":"","src":"https:\/\/i0.wp.com\/dominicaineslangeac.fr\/wp-content\/uploads\/2025\/03\/Capture-decran-2025-03-15-221901.png?fit=650%2C915&ssl=1&resize=350%2C200","width":350,"height":200,"srcset":"https:\/\/i0.wp.com\/dominicaineslangeac.fr\/wp-content\/uploads\/2025\/03\/Capture-decran-2025-03-15-221901.png?fit=650%2C915&ssl=1&resize=350%2C200 1x, https:\/\/i0.wp.com\/dominicaineslangeac.fr\/wp-content\/uploads\/2025\/03\/Capture-decran-2025-03-15-221901.png?fit=650%2C915&ssl=1&resize=525%2C300 1.5x"},"classes":[]},{"id":20658,"url":"https:\/\/dominicaineslangeac.fr\/index.php\/2026\/04\/22\/retraite-avec-la-communaute-samedi-2-mai-2026\/","url_meta":{"origin":11506,"position":3},"title":"Retraite Sacr\u00e9 Coeur: samedi 2 mai 2026","author":"MONASTERE","date":"22 avril 2026","format":false,"excerpt":"Retraite au monast\u00e8re Samedi 2 mai 2026 Le Sacr\u00e9 Coeur Avec Mgr Yves Baumgarten","rel":"","context":"Dans &quot;Actualit\u00e9s&quot;","block_context":{"text":"Actualit\u00e9s","link":"https:\/\/dominicaineslangeac.fr\/index.php\/category\/actualites\/"},"img":{"alt_text":"","src":"https:\/\/i0.wp.com\/dominicaineslangeac.fr\/wp-content\/uploads\/2026\/04\/affiche-retraite-avril-2026.png?fit=848%2C1200&ssl=1&resize=350%2C200","width":350,"height":200,"srcset":"https:\/\/i0.wp.com\/dominicaineslangeac.fr\/wp-content\/uploads\/2026\/04\/affiche-retraite-avril-2026.png?fit=848%2C1200&ssl=1&resize=350%2C200 1x, https:\/\/i0.wp.com\/dominicaineslangeac.fr\/wp-content\/uploads\/2026\/04\/affiche-retraite-avril-2026.png?fit=848%2C1200&ssl=1&resize=525%2C300 1.5x, https:\/\/i0.wp.com\/dominicaineslangeac.fr\/wp-content\/uploads\/2026\/04\/affiche-retraite-avril-2026.png?fit=848%2C1200&ssl=1&resize=700%2C400 2x"},"classes":[]},{"id":12304,"url":"https:\/\/dominicaineslangeac.fr\/index.php\/2025\/05\/01\/retraite-pascale-samedi-3-mai-1700-ans-du-credo-de-nicee\/","url_meta":{"origin":11506,"position":4},"title":"Retraite Pascale samedi 3 mai &#8211; 1700 ans du Credo de Nic\u00e9e","author":"MONASTERE","date":"1 mai 2025","format":false,"excerpt":"retraite pascale avec la communaut\u00e9 Le Credo","rel":"","context":"Dans &quot;archives&quot;","block_context":{"text":"archives","link":"https:\/\/dominicaineslangeac.fr\/index.php\/category\/archives\/"},"img":{"alt_text":"","src":"https:\/\/i0.wp.com\/dominicaineslangeac.fr\/wp-content\/uploads\/2025\/05\/Retraite-pascale-3-mai-2025Credo.png?fit=648%2C913&ssl=1&resize=350%2C200","width":350,"height":200,"srcset":"https:\/\/i0.wp.com\/dominicaineslangeac.fr\/wp-content\/uploads\/2025\/05\/Retraite-pascale-3-mai-2025Credo.png?fit=648%2C913&ssl=1&resize=350%2C200 1x, https:\/\/i0.wp.com\/dominicaineslangeac.fr\/wp-content\/uploads\/2025\/05\/Retraite-pascale-3-mai-2025Credo.png?fit=648%2C913&ssl=1&resize=525%2C300 1.5x"},"classes":[]},{"id":9315,"url":"https:\/\/dominicaineslangeac.fr\/index.php\/2024\/04\/10\/9315\/","url_meta":{"origin":11506,"position":5},"title":"20 avril 2024: Journ\u00e9e Pascale, la Charit\u00e9","author":"MONASTERE","date":"10 avril 2024","format":false,"excerpt":"20 avril: journ\u00e9e de retraite avec la communaut\u00e9: La Charit\u00e9","rel":"","context":"Dans &quot;AAMDL&quot;","block_context":{"text":"AAMDL","link":"https:\/\/dominicaineslangeac.fr\/index.php\/category\/aamdl\/"},"img":{"alt_text":"","src":"https:\/\/i0.wp.com\/dominicaineslangeac.fr\/wp-content\/uploads\/2024\/04\/Capture-decran-2024-04-10-115705.png?resize=350%2C200&ssl=1","width":350,"height":200,"srcset":"https:\/\/i0.wp.com\/dominicaineslangeac.fr\/wp-content\/uploads\/2024\/04\/Capture-decran-2024-04-10-115705.png?resize=350%2C200&ssl=1 1x, https:\/\/i0.wp.com\/dominicaineslangeac.fr\/wp-content\/uploads\/2024\/04\/Capture-decran-2024-04-10-115705.png?resize=525%2C300&ssl=1 1.5x"},"classes":[]}],"_links":{"self":[{"href":"https:\/\/dominicaineslangeac.fr\/index.php\/wp-json\/wp\/v2\/posts\/11506","targetHints":{"allow":["GET"]}}],"collection":[{"href":"https:\/\/dominicaineslangeac.fr\/index.php\/wp-json\/wp\/v2\/posts"}],"about":[{"href":"https:\/\/dominicaineslangeac.fr\/index.php\/wp-json\/wp\/v2\/types\/post"}],"author":[{"embeddable":true,"href":"https:\/\/dominicaineslangeac.fr\/index.php\/wp-json\/wp\/v2\/users\/2"}],"replies":[{"embeddable":true,"href":"https:\/\/dominicaineslangeac.fr\/index.php\/wp-json\/wp\/v2\/comments?post=11506"}],"version-history":[{"count":3,"href":"https:\/\/dominicaineslangeac.fr\/index.php\/wp-json\/wp\/v2\/posts\/11506\/revisions"}],"predecessor-version":[{"id":11514,"href":"https:\/\/dominicaineslangeac.fr\/index.php\/wp-json\/wp\/v2\/posts\/11506\/revisions\/11514"}],"wp:attachment":[{"href":"https:\/\/dominicaineslangeac.fr\/index.php\/wp-json\/wp\/v2\/media?parent=11506"}],"wp:term":[{"taxonomy":"category","embeddable":true,"href":"https:\/\/dominicaineslangeac.fr\/index.php\/wp-json\/wp\/v2\/categories?post=11506"},{"taxonomy":"post_tag","embeddable":true,"href":"https:\/\/dominicaineslangeac.fr\/index.php\/wp-json\/wp\/v2\/tags?post=11506"}],"curies":[{"name":"wp","href":"https:\/\/api.w.org\/{rel}","templated":true}]}}