{"id":1066,"date":"2017-12-14T15:42:20","date_gmt":"2017-12-14T14:42:20","guid":{"rendered":"http:\/\/dominicaineslangeac.fr\/?p=1066"},"modified":"2019-04-09T20:44:47","modified_gmt":"2019-04-09T19:44:47","slug":"messes-noel-2017","status":"publish","type":"post","link":"https:\/\/dominicaineslangeac.fr\/index.php\/2017\/12\/14\/messes-noel-2017\/","title":{"rendered":"Messes No\u00ebl 2018"},"content":{"rendered":"<p><strong><\/strong><\/p>\n<div id=\"attachment_1222\" style=\"width: 401px\" class=\"wp-caption alignnone\"><img data-recalc-dims=\"1\" loading=\"lazy\" decoding=\"async\" aria-describedby=\"caption-attachment-1222\" data-attachment-id=\"1222\" data-permalink=\"https:\/\/dominicaineslangeac.fr\/index.php\/2017\/12\/14\/messes-noel-2017\/noel-2017\/\" data-orig-file=\"https:\/\/i0.wp.com\/dominicaineslangeac.fr\/wp-content\/uploads\/2017\/12\/P1030363.jpg?fit=2304%2C1728&amp;ssl=1\" data-orig-size=\"2304,1728\" data-comments-opened=\"0\" data-image-meta=\"{&quot;aperture&quot;:&quot;2.8&quot;,&quot;credit&quot;:&quot;&quot;,&quot;camera&quot;:&quot;DMC-LS1&quot;,&quot;caption&quot;:&quot;No\\u00ebl 2017&quot;,&quot;created_timestamp&quot;:&quot;1514204540&quot;,&quot;copyright&quot;:&quot;&quot;,&quot;focal_length&quot;:&quot;5.8&quot;,&quot;iso&quot;:&quot;200&quot;,&quot;shutter_speed&quot;:&quot;0.076923076923077&quot;,&quot;title&quot;:&quot;No\\u00ebl 2017&quot;,&quot;orientation&quot;:&quot;1&quot;}\" data-image-title=\"No\u00ebl 2017\" data-image-description=\"\" data-image-caption=\"&lt;p&gt;No\u00ebl 2017&lt;\/p&gt;\n\" data-large-file=\"https:\/\/i0.wp.com\/dominicaineslangeac.fr\/wp-content\/uploads\/2017\/12\/P1030363.jpg?fit=700%2C525&amp;ssl=1\" class=\" wp-image-1222\" src=\"https:\/\/i0.wp.com\/dominicaineslangeac.fr\/wp-content\/uploads\/2017\/12\/P1030363.jpg?resize=391%2C293\" alt=\"\" width=\"391\" height=\"293\" srcset=\"https:\/\/i0.wp.com\/dominicaineslangeac.fr\/wp-content\/uploads\/2017\/12\/P1030363.jpg?w=2304&amp;ssl=1 2304w, https:\/\/i0.wp.com\/dominicaineslangeac.fr\/wp-content\/uploads\/2017\/12\/P1030363.jpg?resize=300%2C225&amp;ssl=1 300w, https:\/\/i0.wp.com\/dominicaineslangeac.fr\/wp-content\/uploads\/2017\/12\/P1030363.jpg?resize=768%2C576&amp;ssl=1 768w, https:\/\/i0.wp.com\/dominicaineslangeac.fr\/wp-content\/uploads\/2017\/12\/P1030363.jpg?resize=700%2C525&amp;ssl=1 700w\" sizes=\"auto, (max-width: 391px) 100vw, 391px\" \/><p id=\"caption-attachment-1222\" class=\"wp-caption-text\">No\u00ebl 2018<\/p><\/div>\n<p><strong>Au Monast\u00e8re Sainte Catherine de Sienne \u00e0 Langeac,\u00a0<\/strong><\/p>\n<p><strong> pr\u00e9dicateur Paul &#8211; Adrien d&rsquo;Hardemare dominicain<\/strong><\/p>\n<p>&nbsp;<\/p>\n<p><strong>\u00a0<\/strong><strong>Veille de No\u00ebl<\/strong><br \/>\n<em>Lundi 24 d\u00e9cembre 2018<\/em><\/p>\n<p>23h\u00a0: Matines solennelles de la Nativit\u00e9<\/p>\n<p><strong>La Nativit\u00e9 du Seigneur<br \/>\n<\/strong><em>Mardi 25 d\u00e9cembre<\/em><\/p>\n<p>24h\u00a0: Messe de Minuit<\/p>\n<p>8h15\u00a0: Messe de l\u2019Aurore<\/p>\n<p>10h15\u00a0: Messe du Jour<\/p>\n<p>&nbsp;<\/p>\n<p>&nbsp;<\/p>\n<p><strong>Dimanche 30 d\u00e9cembre \u2013 Ste Famille<\/strong><br \/>\n8h30 Messe<br \/>\n<strong>Mardi 1<sup>er<\/sup> janvier \u2013 Sainte Marie, M\u00e8re de Dieu<br \/>\n<\/strong>8h30 Messe<\/p>\n<p><strong>Dimanche 6 janvier &#8211; Epiphanie<br \/>\n<\/strong>8h30 Messe<\/p>\n<p>&nbsp;<\/p>\n","protected":false},"excerpt":{"rendered":"<p>Au Monast\u00e8re Sainte Catherine de Sienne \u00e0 Langeac,\u00a0 pr\u00e9dicateur Paul &#8211; Adrien d&rsquo;Hardemare dominicain &nbsp; \u00a0Veille de No\u00ebl Lundi 24 d\u00e9cembre 2018 23h\u00a0: Matines solennelles de la Nativit\u00e9 La Nativit\u00e9 du Seigneur Mardi 25 d\u00e9cembre 24h\u00a0: Messe de Minuit 8h15\u00a0: Messe de l\u2019Aurore 10h15\u00a0: Messe du Jour &nbsp; &nbsp; Dimanche 30 d\u00e9cembre \u2013 Ste Famille [&hellip;]<\/p>\n","protected":false},"author":1,"featured_media":1222,"comment_status":"closed","ping_status":"closed","sticky":false,"template":"","format":"standard","meta":{"advanced_seo_description":"","jetpack_seo_html_title":"","jetpack_seo_noindex":false,"jetpack_post_was_ever_published":false,"_jetpack_newsletter_access":"","_jetpack_dont_email_post_to_subs":false,"_jetpack_newsletter_tier_id":0,"_jetpack_memberships_contains_paywalled_content":false,"_jetpack_memberships_contains_paid_content":false,"footnotes":"","jetpack_publicize_message":"","jetpack_publicize_feature_enabled":true,"jetpack_social_post_already_shared":true,"jetpack_social_options":{"image_generator_settings":{"template":"highway","default_image_id":0,"font":"","enabled":false},"version":2}},"categories":[1],"tags":[],"class_list":{"0":"post-1066","1":"post","2":"type-post","3":"status-publish","4":"format-standard","5":"has-post-thumbnail","7":"category-non-classe","8":"czr-hentry"},"jetpack_publicize_connections":[],"jetpack_featured_media_url":"https:\/\/i0.wp.com\/dominicaineslangeac.fr\/wp-content\/uploads\/2017\/12\/P1030363.jpg?fit=2304%2C1728&ssl=1","jetpack_sharing_enabled":true,"jetpack_shortlink":"https:\/\/wp.me\/p7P1cC-hc","jetpack-related-posts":[{"id":8450,"url":"https:\/\/dominicaineslangeac.fr\/index.php\/2023\/12\/19\/noel-2023\/","url_meta":{"origin":1066,"position":0},"title":"No\u00ebl 2023","author":"MONASTERE","date":"19 d\u00e9cembre 2023","format":false,"excerpt":"C\u00e9l\u00e9brations de No\u00ebl avec fr\u00e8re Didier Pentec\u00f6te, op. Messe de minuit","rel":"","context":"Dans &quot;archives&quot;","block_context":{"text":"archives","link":"https:\/\/dominicaineslangeac.fr\/index.php\/category\/archives\/"},"img":{"alt_text":"","src":"https:\/\/i0.wp.com\/dominicaineslangeac.fr\/wp-content\/uploads\/2023\/12\/vierge.jpeg?fit=448%2C336&ssl=1&resize=350%2C200","width":350,"height":200},"classes":[]},{"id":4963,"url":"https:\/\/dominicaineslangeac.fr\/index.php\/2021\/12\/17\/noel\/","url_meta":{"origin":1066,"position":1},"title":"NOEL","author":"MONASTERE","date":"17 d\u00e9cembre 2021","format":false,"excerpt":"23 h Matines solennelles de la Nativit\u00e9 Messe de minuit 8h15 Messe de l'Aurore 10h15 Messe du jour Pr\u00e9dicateur P. Joseph -Thomas PINI dominicain du Couvent de Montpellier","rel":"","context":"Dans &quot;Non class\u00e9&quot;","block_context":{"text":"Non class\u00e9","link":"https:\/\/dominicaineslangeac.fr\/index.php\/category\/non-classe\/"},"img":{"alt_text":"","src":"https:\/\/i0.wp.com\/dominicaineslangeac.fr\/wp-content\/uploads\/2021\/12\/enluminure.jpg?fit=459%2C816&ssl=1&resize=350%2C200","width":350,"height":200},"classes":[]},{"id":1091,"url":"https:\/\/dominicaineslangeac.fr\/index.php\/2018\/03\/14\/horaire-pour-paques\/","url_meta":{"origin":1066,"position":2},"title":"Horaire pour P\u00e2ques","author":"Monast\u00e8re Ste Catherine","date":"14 mars 2018","format":false,"excerpt":"Monast\u00e8re Sainte Catherine de Sienne, Langeac Horaire Semaine Sainte et Paques 2018 Jeudi Saint\u00a029 mars 6h30 \u00a0\u00a0\u00a0\u00a0\u00a0\u00a0 Office des lectures 8h30\u00a0\u00a0\u00a0\u00a0\u00a0\u00a0\u00a0 Laudes 12h\u00a0 \u00a0\u00a0\u00a0\u00a0\u00a0\u00a0\u00a0 Heure M\u00e9diane 18h\u00a0 \u00a0\u00a0\u00a0\u00a0\u00a0\u00a0\u00a0 Messe de la C\u00e8ne du Seigneur 21h\u00a0 \u00a0\u00a0\u00a0\u00a0\u00a0\u00a0\u00a0 Adoration jusqu\u2019\u00e0 minuit Vendredi Saint 30 mars 7h30\u00a0\u00a0\u00a0\u00a0\u00a0\u00a0\u00a0 Office des lectures 9h\u00a0\u00a0\u00a0 \u00a0\u00a0\u00a0\u00a0\u00a0\u00a0\u00a0 Laudes\u2026","rel":"","context":"Dans &quot;Non class\u00e9&quot;","block_context":{"text":"Non class\u00e9","link":"https:\/\/dominicaineslangeac.fr\/index.php\/category\/non-classe\/"},"img":{"alt_text":"","src":"https:\/\/i0.wp.com\/dominicaineslangeac.fr\/wp-content\/uploads\/2018\/03\/08_women.jpeg?fit=804%2C926&ssl=1&resize=350%2C200","width":350,"height":200,"srcset":"https:\/\/i0.wp.com\/dominicaineslangeac.fr\/wp-content\/uploads\/2018\/03\/08_women.jpeg?fit=804%2C926&ssl=1&resize=350%2C200 1x, https:\/\/i0.wp.com\/dominicaineslangeac.fr\/wp-content\/uploads\/2018\/03\/08_women.jpeg?fit=804%2C926&ssl=1&resize=525%2C300 1.5x, https:\/\/i0.wp.com\/dominicaineslangeac.fr\/wp-content\/uploads\/2018\/03\/08_women.jpeg?fit=804%2C926&ssl=1&resize=700%2C400 2x"},"classes":[]},{"id":12230,"url":"https:\/\/dominicaineslangeac.fr\/index.php\/2025\/04\/18\/triduum-pascal-2025-au-monastere\/","url_meta":{"origin":1066,"position":3},"title":"Triduum Pascal 2025 au monast\u00e8re","author":"MONASTERE","date":"18 avril 2025","format":false,"excerpt":"JEUDI SAINT 7h00\u00a0\u00a0\u00a0 Office des Lectures 8h30\u00a0\u00a0\u00a0 Laudes 12h00\u00a0\u00a0 Heure M\u00e9diane 18h00\u00a0\u00a0 Messe de la C\u00e8ne du Seigneur 21h00 Lecture du Sermon du Seigneur Adoration jusqu\u2019\u00e0 minuit VENDREDI SAINT \u00a0 7h30\u00a0\u00a0\u00a0 Office des Lectures 9h00\u00a0\u00a0\u00a0 Laudes 12h00\u00a0\u00a0 Heure m\u00e9diane 14h50\u00a0\u00a0 Adoration silencieuse 15h00\u00a0\u00a0 Action liturgique de la Passion et de\u2026","rel":"","context":"Dans &quot;archives&quot;","block_context":{"text":"archives","link":"https:\/\/dominicaineslangeac.fr\/index.php\/category\/archives\/"},"img":{"alt_text":"","src":"https:\/\/i0.wp.com\/dominicaineslangeac.fr\/wp-content\/uploads\/2024\/03\/642d31bed95fb17e682d0cf9_lavement-des-pieds-jesus-evangile-1.jpeg?fit=692%2C1200&ssl=1&resize=350%2C200","width":350,"height":200,"srcset":"https:\/\/i0.wp.com\/dominicaineslangeac.fr\/wp-content\/uploads\/2024\/03\/642d31bed95fb17e682d0cf9_lavement-des-pieds-jesus-evangile-1.jpeg?fit=692%2C1200&ssl=1&resize=350%2C200 1x, https:\/\/i0.wp.com\/dominicaineslangeac.fr\/wp-content\/uploads\/2024\/03\/642d31bed95fb17e682d0cf9_lavement-des-pieds-jesus-evangile-1.jpeg?fit=692%2C1200&ssl=1&resize=525%2C300 1.5x"},"classes":[]},{"id":20525,"url":"https:\/\/dominicaineslangeac.fr\/index.php\/2026\/04\/02\/triduum-pascal-2026\/","url_meta":{"origin":1066,"position":4},"title":"Triduum Pascal 2026","author":"MONASTERE","date":"2 avril 2026","format":false,"excerpt":"JEUDI SAINT 7h00\u00a0\u00a0\u00a0 Office des Lectures 8h30\u00a0\u00a0\u00a0 Laudes 12h00\u00a0\u00a0 Heure M\u00e9diane 18h00\u00a0\u00a0 Messe de la C\u00e8ne du Seigneur 21h00 Lecture du Sermon du Seigneur Adoration jusqu\u2019\u00e0 minuit VENDREDI SAINT \u00a0 7h30\u00a0\u00a0\u00a0 Office des Lectures 9h00\u00a0\u00a0\u00a0 Laudes 12h00\u00a0\u00a0 Heure m\u00e9diane 14h50\u00a0\u00a0 Adoration silencieuse 15h00\u00a0\u00a0 Action liturgique de la Passion et de\u2026","rel":"","context":"Dans &quot;Actualit\u00e9s&quot;","block_context":{"text":"Actualit\u00e9s","link":"https:\/\/dominicaineslangeac.fr\/index.php\/category\/actualites\/"},"img":{"alt_text":"","src":"https:\/\/i0.wp.com\/dominicaineslangeac.fr\/wp-content\/uploads\/2020\/04\/p11.jpg?resize=350%2C200&ssl=1","width":350,"height":200},"classes":[]},{"id":9158,"url":"https:\/\/dominicaineslangeac.fr\/index.php\/2024\/03\/19\/triduum-pascal-2024\/","url_meta":{"origin":1066,"position":5},"title":"Triduum Pascal 2024","author":"MONASTERE","date":"19 mars 2024","format":false,"excerpt":"Horaires du Triduum Pascal avec fr\u00e8re R\u00e9my Vall\u00e9jo, op.","rel":"","context":"Dans &quot;archives&quot;","block_context":{"text":"archives","link":"https:\/\/dominicaineslangeac.fr\/index.php\/category\/archives\/"},"img":{"alt_text":"","src":"https:\/\/i0.wp.com\/dominicaineslangeac.fr\/wp-content\/uploads\/2024\/03\/642d31bed95fb17e682d0cf9_lavement-des-pieds-jesus-evangile-1.jpeg?fit=692%2C1200&ssl=1&resize=350%2C200","width":350,"height":200,"srcset":"https:\/\/i0.wp.com\/dominicaineslangeac.fr\/wp-content\/uploads\/2024\/03\/642d31bed95fb17e682d0cf9_lavement-des-pieds-jesus-evangile-1.jpeg?fit=692%2C1200&ssl=1&resize=350%2C200 1x, https:\/\/i0.wp.com\/dominicaineslangeac.fr\/wp-content\/uploads\/2024\/03\/642d31bed95fb17e682d0cf9_lavement-des-pieds-jesus-evangile-1.jpeg?fit=692%2C1200&ssl=1&resize=525%2C300 1.5x"},"classes":[]}],"_links":{"self":[{"href":"https:\/\/dominicaineslangeac.fr\/index.php\/wp-json\/wp\/v2\/posts\/1066","targetHints":{"allow":["GET"]}}],"collection":[{"href":"https:\/\/dominicaineslangeac.fr\/index.php\/wp-json\/wp\/v2\/posts"}],"about":[{"href":"https:\/\/dominicaineslangeac.fr\/index.php\/wp-json\/wp\/v2\/types\/post"}],"author":[{"embeddable":true,"href":"https:\/\/dominicaineslangeac.fr\/index.php\/wp-json\/wp\/v2\/users\/1"}],"replies":[{"embeddable":true,"href":"https:\/\/dominicaineslangeac.fr\/index.php\/wp-json\/wp\/v2\/comments?post=1066"}],"version-history":[{"count":9,"href":"https:\/\/dominicaineslangeac.fr\/index.php\/wp-json\/wp\/v2\/posts\/1066\/revisions"}],"predecessor-version":[{"id":1224,"href":"https:\/\/dominicaineslangeac.fr\/index.php\/wp-json\/wp\/v2\/posts\/1066\/revisions\/1224"}],"wp:featuredmedia":[{"embeddable":true,"href":"https:\/\/dominicaineslangeac.fr\/index.php\/wp-json\/wp\/v2\/media\/1222"}],"wp:attachment":[{"href":"https:\/\/dominicaineslangeac.fr\/index.php\/wp-json\/wp\/v2\/media?parent=1066"}],"wp:term":[{"taxonomy":"category","embeddable":true,"href":"https:\/\/dominicaineslangeac.fr\/index.php\/wp-json\/wp\/v2\/categories?post=1066"},{"taxonomy":"post_tag","embeddable":true,"href":"https:\/\/dominicaineslangeac.fr\/index.php\/wp-json\/wp\/v2\/tags?post=1066"}],"curies":[{"name":"wp","href":"https:\/\/api.w.org\/{rel}","templated":true}]}}