{"id":1035,"date":"2017-09-30T19:28:53","date_gmt":"2017-09-30T18:28:53","guid":{"rendered":"http:\/\/dominicaineslangeac.fr\/?p=1035"},"modified":"2018-05-14T15:05:19","modified_gmt":"2018-05-14T14:05:19","slug":"assemblee-generale-de-laamdl-samedi-21-octobre-2017-a-partir-de-15h30-au-monastere","status":"publish","type":"post","link":"https:\/\/dominicaineslangeac.fr\/index.php\/2017\/09\/30\/assemblee-generale-de-laamdl-samedi-21-octobre-2017-a-partir-de-15h30-au-monastere\/","title":{"rendered":"Assembl\u00e9e G\u00e9n\u00e9rale de l&rsquo;AAMDL"},"content":{"rendered":"<h4><span style=\"font-family: arial, helvetica, sans-serif;\">Samedi 21 Octobre 2017 \u00e0 partir de 15h30 au monast\u00e8re<\/span><\/h4>\n<p><span style=\"font-family: arial, helvetica, sans-serif;\"><span style=\"font-size: 12pt;\">Cette Assembl\u00e9e g\u00e9n\u00e9rale s\u2019inscrit dans le cadre plus g\u00e9n\u00e9ral\u00a0<\/span><span style=\"font-size: 12pt;\">d\u2019une journ\u00e9e de rencontre, dont vous trouverez le programme ci-dessous\u00a0<\/span><span style=\"font-size: 12pt;\"> et \u00e0 l\u2019ensemble de laquelle votre pr\u00e9sence nous sera particuli\u00e8rement\u00a0<\/span><span style=\"font-size: 12pt;\">agr\u00e9able.<\/span><\/span><\/p>\n<p>&nbsp;<\/p>\n<h2 style=\"text-align: left;\"><span style=\"font-size: 12pt; font-family: arial, helvetica, sans-serif;\"><strong>Programme de la journ\u00e9e<\/strong><\/span><\/h2>\n<p><span style=\"font-size: 24pt; font-family: arial, helvetica, sans-serif;\"><span style=\"font-size: 12pt;\">10h45\u00a0: Accueil<\/span><\/span><\/p>\n<p>&nbsp;<\/p>\n<h4><span style=\"font-size: 12pt; font-family: arial, helvetica, sans-serif;\">11h00\u00a0: Eucharistie pr\u00e9sid\u00e9e par le P\u00e8re Ronald D. Witherup <\/span><\/h4>\n<p><span style=\"font-family: arial, helvetica, sans-serif; font-size: 12pt;\">Sup\u00e9rieur G\u00e9n\u00e9ral de la Compagnie de Saint Sulpice.<\/span><\/p>\n<p>&nbsp;<\/p>\n<p><span style=\"font-size: 12pt; font-family: arial, helvetica, sans-serif;\">12h00\u00a0: Repas tir\u00e9 du sac<\/span><\/p>\n<p>&nbsp;<\/p>\n<h4><span style=\"font-size: 12pt; font-family: arial, helvetica, sans-serif;\">14h00\u00a0: Conf\u00e9rence du P. Ronald D. Witherup <\/span><\/h4>\n<p><span style=\"font-family: arial, helvetica, sans-serif; font-size: 12pt;\">\u00ab\u00a0Monsieur Olier et Agn\u00e8s de Langeac\u00a0\u00bb<\/span><\/p>\n<p><em>dans la chapelle<\/em><\/p>\n<p>&nbsp;<\/p>\n<h4><span style=\"font-size: 12pt; font-family: arial, helvetica, sans-serif;\">15h15\u00a0: remise de la plaque de la fondation du Patrimoine <\/span><\/h4>\n<p><span style=\"font-family: arial, helvetica, sans-serif; font-size: 12pt;\">par Monsieur Gabriel Ferrand<\/span><\/p>\n<p><em>\u00e0 la ferme<\/em><\/p>\n<p>&nbsp;<\/p>\n<h4><span style=\"font-size: 12pt; font-family: arial, helvetica, sans-serif;\">15h30 : l\u2019Assembl\u00e9e g\u00e9n\u00e9rale de l\u2019AAMDL<\/span><\/h4>\n<p><em>\u00e0 la ferme<\/em><\/p>\n<p><span style=\"font-size: 12pt; font-family: arial, helvetica, sans-serif;\"><strong>\u00a0<\/strong><\/span><span style=\"font-size: 12pt; font-family: arial, helvetica, sans-serif;\"><strong>Ordre du jour\u00a0:<\/strong><\/span><\/p>\n<p><span style=\"font-size: 12pt; font-family: arial, helvetica, sans-serif;\">Rapport financier-Rapport moral- Vie de la communaut\u00e9<\/span><\/p>\n<p><span style=\"font-size: 12pt; font-family: arial, helvetica, sans-serif;\">Nouveaux projets &#8211; Questions et \u00e9changes<\/span><\/p>\n<p>&nbsp;<\/p>\n<p>&nbsp;<\/p>\n<h4><span style=\"font-family: arial, helvetica, sans-serif; font-size: 12pt;\">17h30 : V\u00eapres<\/span><\/h4>\n","protected":false},"excerpt":{"rendered":"<p>Samedi 21 Octobre 2017 \u00e0 partir de 15h30 au monast\u00e8re Cette Assembl\u00e9e g\u00e9n\u00e9rale s\u2019inscrit dans le cadre plus g\u00e9n\u00e9ral\u00a0d\u2019une journ\u00e9e de rencontre, dont vous trouverez le programme ci-dessous\u00a0 et \u00e0 l\u2019ensemble de laquelle votre pr\u00e9sence nous sera particuli\u00e8rement\u00a0agr\u00e9able. &nbsp; Programme de la journ\u00e9e 10h45\u00a0: Accueil &nbsp; 11h00\u00a0: Eucharistie pr\u00e9sid\u00e9e par le P\u00e8re Ronald D. Witherup [&hellip;]<\/p>\n","protected":false},"author":2,"featured_media":826,"comment_status":"closed","ping_status":"closed","sticky":false,"template":"","format":"standard","meta":{"advanced_seo_description":"","jetpack_seo_html_title":"","jetpack_seo_noindex":false,"jetpack_post_was_ever_published":false,"_jetpack_newsletter_access":"","_jetpack_dont_email_post_to_subs":false,"_jetpack_newsletter_tier_id":0,"_jetpack_memberships_contains_paywalled_content":false,"_jetpack_memberships_contains_paid_content":false,"footnotes":"","jetpack_publicize_message":"","jetpack_publicize_feature_enabled":true,"jetpack_social_post_already_shared":true,"jetpack_social_options":{"image_generator_settings":{"template":"highway","default_image_id":0,"font":"","enabled":false},"version":2}},"categories":[1],"tags":[],"class_list":{"0":"post-1035","1":"post","2":"type-post","3":"status-publish","4":"format-standard","5":"has-post-thumbnail","7":"category-non-classe","8":"czr-hentry"},"jetpack_publicize_connections":[],"jetpack_featured_media_url":"https:\/\/i0.wp.com\/dominicaineslangeac.fr\/wp-content\/uploads\/2016\/08\/AAMDL_LogoHoriz_Quadri-2-court-.jpg?fit=596%2C650&ssl=1","jetpack_sharing_enabled":true,"jetpack_shortlink":"https:\/\/wp.me\/p7P1cC-gH","jetpack-related-posts":[{"id":1186,"url":"https:\/\/dominicaineslangeac.fr\/index.php\/2018\/10\/16\/assemblee-generale-de-laamdl\/","url_meta":{"origin":1035,"position":0},"title":"Assembl\u00e9e G\u00e9n\u00e9rale de l&rsquo;AAMDL","author":"MONASTERE","date":"16 octobre 2018","format":false,"excerpt":"\u00a0 Samedi 20 Octobre 2018\u00a0 au\u00a0Monast\u00e8re Ste Catherine de Sienne Programme de la journ\u00e9e \u00a0 11h15\u00a0: Eucharistie pr\u00e9sid\u00e9e par le fr\u00e8re Jean-Marie Gueullette dominicain 12h00\u00a0: Repas tir\u00e9 du sac 14h00\u00a0: Conf\u00e9rence\u00a0par le fr\u00e8re Jean-Marie Gueullette dominicain : \u00ab\u00a0Est-ce qu'on pratiquait la m\u00e9ditation \u00e0 l'\u00e9poque d'Agn\u00e8s de Langeac\u00a0?\u00bb \u00a0 15h30 :\u2026","rel":"","context":"Dans &quot;Non class\u00e9&quot;","block_context":{"text":"Non class\u00e9","link":"https:\/\/dominicaineslangeac.fr\/index.php\/category\/non-classe\/"},"img":{"alt_text":"","src":"","width":0,"height":0},"classes":[]},{"id":5862,"url":"https:\/\/dominicaineslangeac.fr\/index.php\/2022\/09\/25\/assemblee-generale-de-laamdl-2\/","url_meta":{"origin":1035,"position":1},"title":"Assembl\u00e9e G\u00e9n\u00e9rale de l&rsquo;AAMDL","author":"MONASTERE","date":"25 septembre 2022","format":false,"excerpt":"Samedi 15 octobre 2022 14h Assembl\u00e9e G\u00e9n\u00e9rale de l'AAMDL dans les locaux du monast\u00e8re 15h30 Conf\u00e9rence sur les b\u00e9ates par Georges Perru-Coudert Go\u00fbter 17h V\u00eapres conclusives","rel":"","context":"Dans &quot;archives&quot;","block_context":{"text":"archives","link":"https:\/\/dominicaineslangeac.fr\/index.php\/category\/archives\/"},"img":{"alt_text":"","src":"https:\/\/i0.wp.com\/dominicaineslangeac.fr\/wp-content\/uploads\/2022\/09\/affiche-ag-2022-1.png?resize=350%2C200&ssl=1","width":350,"height":200,"srcset":"https:\/\/i0.wp.com\/dominicaineslangeac.fr\/wp-content\/uploads\/2022\/09\/affiche-ag-2022-1.png?resize=350%2C200&ssl=1 1x, https:\/\/i0.wp.com\/dominicaineslangeac.fr\/wp-content\/uploads\/2022\/09\/affiche-ag-2022-1.png?resize=525%2C300&ssl=1 1.5x"},"classes":[]},{"id":19704,"url":"https:\/\/dominicaineslangeac.fr\/index.php\/2025\/10\/14\/le-monde-commun-a-lepreuve-de-lintelligence-artificielle-assemblee-generale-de-laamdl\/","url_meta":{"origin":1035,"position":2},"title":"Le monde commun \u00e0 l&rsquo;\u00e9preuve de l&rsquo;intelligence artificielle Assembl\u00e9e G\u00e9n\u00e9rale de l&rsquo;AAMDL","author":"MONASTERE","date":"14 octobre 2025","format":false,"excerpt":"14h samedi 18 octobre 2025 par fr\u00e8re Pascal Marin, philosophe \u00e0 l'UCLY","rel":"","context":"Dans &quot;Non class\u00e9&quot;","block_context":{"text":"Non class\u00e9","link":"https:\/\/dominicaineslangeac.fr\/index.php\/category\/non-classe\/"},"img":{"alt_text":"","src":"","width":0,"height":0},"classes":[]},{"id":1115,"url":"https:\/\/dominicaineslangeac.fr\/index.php\/2018\/05\/14\/journee-amicale-des-amis-24-juin\/","url_meta":{"origin":1035,"position":3},"title":"Journ\u00e9e Amicale des Amis 24 juin","author":"MONASTERE","date":"14 mai 2018","format":false,"excerpt":"Programme de la journ\u00e9e - Dimanche 24 juin 2018 8h Marche\u00a0 Spirituelle Chanteuges -St Roch - Langeac (7h45 rendez-vous Quai Voltaire\u00a0 \u00e0 Langeac pour covoiturage) 10h30 Accueil au monast\u00e8re 11h00 Eucharistie pr\u00e9sid\u00e9e par le P\u00e8re Emmanuel Dursapt, vicaire g\u00e9n\u00e9ral du dioc\u00e8se, suivie du verre de l'Amiti\u00e9. 12h30 Repas tir\u00e9 du\u2026","rel":"","context":"Dans &quot;Non class\u00e9&quot;","block_context":{"text":"Non class\u00e9","link":"https:\/\/dominicaineslangeac.fr\/index.php\/category\/non-classe\/"},"img":{"alt_text":"","src":"https:\/\/i0.wp.com\/dominicaineslangeac.fr\/wp-content\/uploads\/2018\/05\/clocheton-1.jpg?fit=1200%2C900&ssl=1&resize=350%2C200","width":350,"height":200,"srcset":"https:\/\/i0.wp.com\/dominicaineslangeac.fr\/wp-content\/uploads\/2018\/05\/clocheton-1.jpg?fit=1200%2C900&ssl=1&resize=350%2C200 1x, https:\/\/i0.wp.com\/dominicaineslangeac.fr\/wp-content\/uploads\/2018\/05\/clocheton-1.jpg?fit=1200%2C900&ssl=1&resize=525%2C300 1.5x, https:\/\/i0.wp.com\/dominicaineslangeac.fr\/wp-content\/uploads\/2018\/05\/clocheton-1.jpg?fit=1200%2C900&ssl=1&resize=700%2C400 2x, https:\/\/i0.wp.com\/dominicaineslangeac.fr\/wp-content\/uploads\/2018\/05\/clocheton-1.jpg?fit=1200%2C900&ssl=1&resize=1050%2C600 3x"},"classes":[]},{"id":7106,"url":"https:\/\/dominicaineslangeac.fr\/index.php\/2023\/05\/17\/10-ans-de-laamdl\/","url_meta":{"origin":1035,"position":4},"title":"10 ans de l&rsquo;AAMDL    25 juin 2023","author":"MONASTERE","date":"17 mai 2023","format":false,"excerpt":"10 ans de l'AAMDL Journ\u00e9e des amis","rel":"","context":"Dans &quot;archives&quot;","block_context":{"text":"archives","link":"https:\/\/dominicaineslangeac.fr\/index.php\/category\/archives\/"},"img":{"alt_text":"","src":"https:\/\/i0.wp.com\/dominicaineslangeac.fr\/wp-content\/uploads\/2023\/05\/Jean-Francois-Regis.png?resize=350%2C200","width":350,"height":200},"classes":[]},{"id":6100,"url":"https:\/\/dominicaineslangeac.fr\/index.php\/2022\/11\/06\/pause-au-monastere-we-jeunes-quetes-vous-alles-voir-au-desert\/","url_meta":{"origin":1035,"position":5},"title":"Pause au monast\u00e8re: WE jeunes.\u00a0\u00bbQu&rsquo;\u00eates-vous all\u00e9s voir au d\u00e9sert?\u00a0\u00bb","author":"MONASTERE","date":"6 novembre 2022","format":false,"excerpt":"Journ\u00e9e Monastique Une pause d\u2019Avent \u00e0 l\u2019\u00e9cart pour pr\u00e9parer la venue du Seigneur. Voir \u00a0https:\/\/youtu.be\/vbdxd9S2ir0 Nous proposons un temps de d\u00e9couverte de la vie monastique au monast\u00e8re Sainte Catherine de Sienne. Au programme\u00a0: Partage de la vie de la communaut\u00e9 au rythme de la pri\u00e8re des heures, du silence, de\u2026","rel":"","context":"Dans &quot;archives&quot;","block_context":{"text":"archives","link":"https:\/\/dominicaineslangeac.fr\/index.php\/category\/archives\/"},"img":{"alt_text":"","src":"https:\/\/i0.wp.com\/dominicaineslangeac.fr\/wp-content\/uploads\/2022\/11\/Affiche_PauseMonsatere-Langeac_2022.png?fit=849%2C1200&ssl=1&resize=350%2C200","width":350,"height":200,"srcset":"https:\/\/i0.wp.com\/dominicaineslangeac.fr\/wp-content\/uploads\/2022\/11\/Affiche_PauseMonsatere-Langeac_2022.png?fit=849%2C1200&ssl=1&resize=350%2C200 1x, https:\/\/i0.wp.com\/dominicaineslangeac.fr\/wp-content\/uploads\/2022\/11\/Affiche_PauseMonsatere-Langeac_2022.png?fit=849%2C1200&ssl=1&resize=525%2C300 1.5x, https:\/\/i0.wp.com\/dominicaineslangeac.fr\/wp-content\/uploads\/2022\/11\/Affiche_PauseMonsatere-Langeac_2022.png?fit=849%2C1200&ssl=1&resize=700%2C400 2x"},"classes":[]}],"_links":{"self":[{"href":"https:\/\/dominicaineslangeac.fr\/index.php\/wp-json\/wp\/v2\/posts\/1035","targetHints":{"allow":["GET"]}}],"collection":[{"href":"https:\/\/dominicaineslangeac.fr\/index.php\/wp-json\/wp\/v2\/posts"}],"about":[{"href":"https:\/\/dominicaineslangeac.fr\/index.php\/wp-json\/wp\/v2\/types\/post"}],"author":[{"embeddable":true,"href":"https:\/\/dominicaineslangeac.fr\/index.php\/wp-json\/wp\/v2\/users\/2"}],"replies":[{"embeddable":true,"href":"https:\/\/dominicaineslangeac.fr\/index.php\/wp-json\/wp\/v2\/comments?post=1035"}],"version-history":[{"count":7,"href":"https:\/\/dominicaineslangeac.fr\/index.php\/wp-json\/wp\/v2\/posts\/1035\/revisions"}],"predecessor-version":[{"id":1045,"href":"https:\/\/dominicaineslangeac.fr\/index.php\/wp-json\/wp\/v2\/posts\/1035\/revisions\/1045"}],"wp:featuredmedia":[{"embeddable":true,"href":"https:\/\/dominicaineslangeac.fr\/index.php\/wp-json\/wp\/v2\/media\/826"}],"wp:attachment":[{"href":"https:\/\/dominicaineslangeac.fr\/index.php\/wp-json\/wp\/v2\/media?parent=1035"}],"wp:term":[{"taxonomy":"category","embeddable":true,"href":"https:\/\/dominicaineslangeac.fr\/index.php\/wp-json\/wp\/v2\/categories?post=1035"},{"taxonomy":"post_tag","embeddable":true,"href":"https:\/\/dominicaineslangeac.fr\/index.php\/wp-json\/wp\/v2\/tags?post=1035"}],"curies":[{"name":"wp","href":"https:\/\/api.w.org\/{rel}","templated":true}]}}