{"id":1020,"date":"2017-08-20T10:11:35","date_gmt":"2017-08-20T09:11:35","guid":{"rendered":"http:\/\/dominicaineslangeac.fr\/?p=1020"},"modified":"2018-05-14T15:05:08","modified_gmt":"2018-05-14T14:05:08","slug":"messe-radiodiffusee-sur-france-culture","status":"publish","type":"post","link":"https:\/\/dominicaineslangeac.fr\/index.php\/2017\/08\/20\/messe-radiodiffusee-sur-france-culture\/","title":{"rendered":"Messe radiodiffus\u00e9e sur France Culture"},"content":{"rendered":"<p><span style=\"font-size: 18pt\">Dimanche 27 ao\u00fbt 2017 \u00e0 10h la messe sera retransmise en direct sur France Culture. <\/span><\/p>\n<p><span style=\"font-size: 18pt\">Pr\u00e9dicateur P\u00e8re Lo\u00efc Bournay dominicain.<\/span><\/p>\n","protected":false},"excerpt":{"rendered":"<p>Dimanche 27 ao\u00fbt 2017 \u00e0 10h la messe sera retransmise en direct sur France Culture. Pr\u00e9dicateur P\u00e8re Lo\u00efc Bournay dominicain.<\/p>\n","protected":false},"author":2,"featured_media":0,"comment_status":"closed","ping_status":"closed","sticky":false,"template":"","format":"standard","meta":{"advanced_seo_description":"","jetpack_seo_html_title":"","jetpack_seo_noindex":false,"jetpack_post_was_ever_published":false,"_jetpack_newsletter_access":"","_jetpack_dont_email_post_to_subs":false,"_jetpack_newsletter_tier_id":0,"_jetpack_memberships_contains_paywalled_content":false,"_jetpack_memberships_contains_paid_content":false,"footnotes":"","jetpack_publicize_message":"","jetpack_publicize_feature_enabled":true,"jetpack_social_post_already_shared":true,"jetpack_social_options":{"image_generator_settings":{"template":"highway","default_image_id":0,"font":"","enabled":false},"version":2}},"categories":[1],"tags":[],"class_list":{"0":"post-1020","1":"post","2":"type-post","3":"status-publish","4":"format-standard","6":"category-non-classe","7":"czr-hentry"},"jetpack_publicize_connections":[],"jetpack_featured_media_url":"","jetpack_sharing_enabled":true,"jetpack_shortlink":"https:\/\/wp.me\/p7P1cC-gs","jetpack-related-posts":[{"id":7930,"url":"https:\/\/dominicaineslangeac.fr\/index.php\/2023\/09\/25\/messe-du-24-sept-2023-radiodiffusee-sur-france-culture\/","url_meta":{"origin":1020,"position":0},"title":"Messe du 24 sept. 2023 radiodiffus\u00e9e sur France Culture","author":"MONASTERE","date":"25 septembre 2023","format":false,"excerpt":"Messe pr\u00each\u00e9e par le fr\u00e8re Augustin Laffay, op. et l'aimable participation de l'ensemble instrumental Ars Figuralis dirig\u00e9 par Cyril Escoffier. messe-du-dimanche-24-septembre-2023-depuis-la-chapelle-notre-dame-de-la-medaille-miraculeuse-a-paris-9510659[1]","rel":"","context":"Dans &quot;Actualit\u00e9s&quot;","block_context":{"text":"Actualit\u00e9s","link":"https:\/\/dominicaineslangeac.fr\/index.php\/category\/actualites\/"},"img":{"alt_text":"","src":"https:\/\/i0.wp.com\/dominicaineslangeac.fr\/wp-content\/uploads\/2023\/09\/20230923_202638-scaled.jpg?fit=1200%2C540&ssl=1&resize=350%2C200","width":350,"height":200,"srcset":"https:\/\/i0.wp.com\/dominicaineslangeac.fr\/wp-content\/uploads\/2023\/09\/20230923_202638-scaled.jpg?fit=1200%2C540&ssl=1&resize=350%2C200 1x, https:\/\/i0.wp.com\/dominicaineslangeac.fr\/wp-content\/uploads\/2023\/09\/20230923_202638-scaled.jpg?fit=1200%2C540&ssl=1&resize=525%2C300 1.5x, https:\/\/i0.wp.com\/dominicaineslangeac.fr\/wp-content\/uploads\/2023\/09\/20230923_202638-scaled.jpg?fit=1200%2C540&ssl=1&resize=700%2C400 2x, https:\/\/i0.wp.com\/dominicaineslangeac.fr\/wp-content\/uploads\/2023\/09\/20230923_202638-scaled.jpg?fit=1200%2C540&ssl=1&resize=1050%2C600 3x"},"classes":[]},{"id":8267,"url":"https:\/\/dominicaineslangeac.fr\/index.php\/2023\/11\/21\/messe-televisee-sur-france-2-le-22-octobre2023\/","url_meta":{"origin":1020,"position":1},"title":"Messe t\u00e9l\u00e9vis\u00e9e sur France 2 le 22 octobre2023","author":"MONASTERE","date":"21 novembre 2023","format":false,"excerpt":"Voici le lien pour voir la messe t\u00e9l\u00e9vis\u00e9e au monast\u00e8re Sainte Catherine de Sienne \u00e0 Langeac en replay https:\/\/www.lejourduseigneur.com\/messes\/le-pape-remet-les-pendules-a-lheure-ecologique","rel":"","context":"Dans &quot;Actualit\u00e9s&quot;","block_context":{"text":"Actualit\u00e9s","link":"https:\/\/dominicaineslangeac.fr\/index.php\/category\/actualites\/"},"img":{"alt_text":"","src":"https:\/\/i0.wp.com\/dominicaineslangeac.fr\/wp-content\/uploads\/2023\/11\/2023-11-09_175723.jpg?fit=1200%2C652&ssl=1&resize=350%2C200","width":350,"height":200,"srcset":"https:\/\/i0.wp.com\/dominicaineslangeac.fr\/wp-content\/uploads\/2023\/11\/2023-11-09_175723.jpg?fit=1200%2C652&ssl=1&resize=350%2C200 1x, https:\/\/i0.wp.com\/dominicaineslangeac.fr\/wp-content\/uploads\/2023\/11\/2023-11-09_175723.jpg?fit=1200%2C652&ssl=1&resize=525%2C300 1.5x, https:\/\/i0.wp.com\/dominicaineslangeac.fr\/wp-content\/uploads\/2023\/11\/2023-11-09_175723.jpg?fit=1200%2C652&ssl=1&resize=700%2C400 2x, https:\/\/i0.wp.com\/dominicaineslangeac.fr\/wp-content\/uploads\/2023\/11\/2023-11-09_175723.jpg?fit=1200%2C652&ssl=1&resize=1050%2C600 3x"},"classes":[]},{"id":1066,"url":"https:\/\/dominicaineslangeac.fr\/index.php\/2017\/12\/14\/messes-noel-2017\/","url_meta":{"origin":1020,"position":2},"title":"Messes No\u00ebl 2018","author":"Monast\u00e8re Ste Catherine","date":"14 d\u00e9cembre 2017","format":false,"excerpt":"Au Monast\u00e8re Sainte Catherine de Sienne \u00e0 Langeac,\u00a0 pr\u00e9dicateur Paul - Adrien d'Hardemare dominicain \u00a0 \u00a0Veille de No\u00ebl Lundi 24 d\u00e9cembre 2018 23h\u00a0: Matines solennelles de la Nativit\u00e9 La Nativit\u00e9 du Seigneur Mardi 25 d\u00e9cembre 24h\u00a0: Messe de Minuit 8h15\u00a0: Messe de l\u2019Aurore 10h15\u00a0: Messe du Jour \u00a0 \u00a0 Dimanche\u2026","rel":"","context":"Dans &quot;Non class\u00e9&quot;","block_context":{"text":"Non class\u00e9","link":"https:\/\/dominicaineslangeac.fr\/index.php\/category\/non-classe\/"},"img":{"alt_text":"","src":"https:\/\/i0.wp.com\/dominicaineslangeac.fr\/wp-content\/uploads\/2017\/12\/P1030363.jpg?fit=1200%2C900&ssl=1&resize=350%2C200","width":350,"height":200,"srcset":"https:\/\/i0.wp.com\/dominicaineslangeac.fr\/wp-content\/uploads\/2017\/12\/P1030363.jpg?fit=1200%2C900&ssl=1&resize=350%2C200 1x, https:\/\/i0.wp.com\/dominicaineslangeac.fr\/wp-content\/uploads\/2017\/12\/P1030363.jpg?fit=1200%2C900&ssl=1&resize=525%2C300 1.5x, https:\/\/i0.wp.com\/dominicaineslangeac.fr\/wp-content\/uploads\/2017\/12\/P1030363.jpg?fit=1200%2C900&ssl=1&resize=700%2C400 2x, https:\/\/i0.wp.com\/dominicaineslangeac.fr\/wp-content\/uploads\/2017\/12\/P1030363.jpg?fit=1200%2C900&ssl=1&resize=1050%2C600 3x"},"classes":[]},{"id":8450,"url":"https:\/\/dominicaineslangeac.fr\/index.php\/2023\/12\/19\/noel-2023\/","url_meta":{"origin":1020,"position":3},"title":"No\u00ebl 2023","author":"MONASTERE","date":"19 d\u00e9cembre 2023","format":false,"excerpt":"C\u00e9l\u00e9brations de No\u00ebl avec fr\u00e8re Didier Pentec\u00f6te, op. Messe de minuit","rel":"","context":"Dans &quot;archives&quot;","block_context":{"text":"archives","link":"https:\/\/dominicaineslangeac.fr\/index.php\/category\/archives\/"},"img":{"alt_text":"","src":"https:\/\/i0.wp.com\/dominicaineslangeac.fr\/wp-content\/uploads\/2023\/12\/vierge.jpeg?fit=448%2C336&ssl=1&resize=350%2C200","width":350,"height":200},"classes":[]},{"id":4963,"url":"https:\/\/dominicaineslangeac.fr\/index.php\/2021\/12\/17\/noel\/","url_meta":{"origin":1020,"position":4},"title":"NOEL","author":"MONASTERE","date":"17 d\u00e9cembre 2021","format":false,"excerpt":"23 h Matines solennelles de la Nativit\u00e9 Messe de minuit 8h15 Messe de l'Aurore 10h15 Messe du jour Pr\u00e9dicateur P. Joseph -Thomas PINI dominicain du Couvent de Montpellier","rel":"","context":"Dans &quot;Non class\u00e9&quot;","block_context":{"text":"Non class\u00e9","link":"https:\/\/dominicaineslangeac.fr\/index.php\/category\/non-classe\/"},"img":{"alt_text":"","src":"https:\/\/i0.wp.com\/dominicaineslangeac.fr\/wp-content\/uploads\/2021\/12\/enluminure.jpg?fit=459%2C816&ssl=1&resize=350%2C200","width":350,"height":200},"classes":[]},{"id":5352,"url":"https:\/\/dominicaineslangeac.fr\/index.php\/2022\/03\/31\/semaine-sainte-2022\/","url_meta":{"origin":1020,"position":5},"title":"Semaine Sainte 2022","author":"MONASTERE","date":"31 mars 2022","format":false,"excerpt":"Jeudi Saint : 18h Messe de la C\u00e8ne du Seigneur Vendredi Saint : 15h Action liturgique de la Passion et de la Mort du Seigneur Samedi Saint : 21h30 Vigile Pascale et Messe de la nuit Jour de P\u00e2ques : 9h15 Messe du jour Avec les fr\u00e8res Joseph de Almeida\u2026","rel":"","context":"Dans &quot;Une&quot;","block_context":{"text":"Une","link":"https:\/\/dominicaineslangeac.fr\/index.php\/category\/une\/"},"img":{"alt_text":"","src":"https:\/\/i0.wp.com\/dominicaineslangeac.fr\/wp-content\/uploads\/2018\/03\/08_women.jpeg?fit=804%2C926&ssl=1&resize=350%2C200","width":350,"height":200,"srcset":"https:\/\/i0.wp.com\/dominicaineslangeac.fr\/wp-content\/uploads\/2018\/03\/08_women.jpeg?fit=804%2C926&ssl=1&resize=350%2C200 1x, https:\/\/i0.wp.com\/dominicaineslangeac.fr\/wp-content\/uploads\/2018\/03\/08_women.jpeg?fit=804%2C926&ssl=1&resize=525%2C300 1.5x, https:\/\/i0.wp.com\/dominicaineslangeac.fr\/wp-content\/uploads\/2018\/03\/08_women.jpeg?fit=804%2C926&ssl=1&resize=700%2C400 2x"},"classes":[]}],"_links":{"self":[{"href":"https:\/\/dominicaineslangeac.fr\/index.php\/wp-json\/wp\/v2\/posts\/1020","targetHints":{"allow":["GET"]}}],"collection":[{"href":"https:\/\/dominicaineslangeac.fr\/index.php\/wp-json\/wp\/v2\/posts"}],"about":[{"href":"https:\/\/dominicaineslangeac.fr\/index.php\/wp-json\/wp\/v2\/types\/post"}],"author":[{"embeddable":true,"href":"https:\/\/dominicaineslangeac.fr\/index.php\/wp-json\/wp\/v2\/users\/2"}],"replies":[{"embeddable":true,"href":"https:\/\/dominicaineslangeac.fr\/index.php\/wp-json\/wp\/v2\/comments?post=1020"}],"version-history":[{"count":3,"href":"https:\/\/dominicaineslangeac.fr\/index.php\/wp-json\/wp\/v2\/posts\/1020\/revisions"}],"predecessor-version":[{"id":1025,"href":"https:\/\/dominicaineslangeac.fr\/index.php\/wp-json\/wp\/v2\/posts\/1020\/revisions\/1025"}],"wp:attachment":[{"href":"https:\/\/dominicaineslangeac.fr\/index.php\/wp-json\/wp\/v2\/media?parent=1020"}],"wp:term":[{"taxonomy":"category","embeddable":true,"href":"https:\/\/dominicaineslangeac.fr\/index.php\/wp-json\/wp\/v2\/categories?post=1020"},{"taxonomy":"post_tag","embeddable":true,"href":"https:\/\/dominicaineslangeac.fr\/index.php\/wp-json\/wp\/v2\/tags?post=1020"}],"curies":[{"name":"wp","href":"https:\/\/api.w.org\/{rel}","templated":true}]}}